{"id":502,"date":"2016-09-22T12:57:47","date_gmt":"2016-09-22T12:57:47","guid":{"rendered":"http:\/\/blogs.multimeios.ufc.br\/crid\/?p=502"},"modified":"2016-09-23T20:28:30","modified_gmt":"2016-09-23T20:28:30","slug":"formacao-webradio-ii","status":"publish","type":"post","link":"https:\/\/blogs.multimeios.ufc.br\/crid\/2016\/09\/22\/formacao-webradio-ii\/","title":{"rendered":"CRID Che Guevara participa da segunda forma\u00e7\u00e3o de Web R\u00e1dio"},"content":{"rendered":"<p align=\"justify\"><span style=\"font-family: Times New Roman,serif\"><span style=\"font-size: medium\">Nesse encontro, os bolsistas do #CRID e a comunidade deram continuidade a forma\u00e7\u00e3o de WebR\u00e1dio. O grupo relembrou o que \u00e9 Web R\u00e1dio e debateu sobre as diferen\u00e7as entre blog, site e rede social. Com a orienta\u00e7\u00e3o dos formadores, a turma produziu mais conte\u00fado para a Web R\u00e1dio de Che Guevara, discorrendo sobre o que mudou no assentamento ap\u00f3s a chegada do projeto. Essa 16\u00aa forma\u00e7\u00e3o aconteceu nos dias 01 e 02 de setembro de 2016.<\/span><\/span><\/p>\n<p>Vem conferir o que foi produzido \ud83d\ude42<\/p>\n<p><a href=\"https:\/\/soundcloud.com\/assentamento-che-guevara\/o-crid-faz-a-diferenca\" target=\"_blank\">O CRID faz a diferen\u00e7a!<\/a><\/p>\n<p><a href=\"https:\/\/soundcloud.com\/assentamento-che-guevara\/o-crid-em-nossas-vidas\" target=\"_blank\">O CRID em nossas Vidas!<\/a><\/p>\n","protected":false},"excerpt":{"rendered":"<p>Nesse encontro, os bolsistas do #CRID e a comunidade deram continuidade a forma\u00e7\u00e3o de WebR\u00e1dio. O grupo relembrou o que \u00e9 Web R\u00e1dio e debateu sobre as diferen\u00e7as entre blog, site e rede social. Com a orienta\u00e7\u00e3o dos formadores, a &hellip; <a href=\"https:\/\/blogs.multimeios.ufc.br\/crid\/2016\/09\/22\/formacao-webradio-ii\/\">Continue lendo <span class=\"meta-nav\">&rarr;<\/span><\/a><\/p>\n","protected":false},"author":10,"featured_media":0,"comment_status":"closed","ping_status":"closed","sticky":false,"template":"","format":"standard","meta":{"footnotes":""},"categories":[1],"tags":[],"class_list":["post-502","post","type-post","status-publish","format-standard","hentry","category-sem-categoria"],"yoast_head":"<!-- This site is optimized with the Yoast SEO plugin v27.5 - https:\/\/yoast.com\/product\/yoast-seo-wordpress\/ -->\n<title>CRID Che Guevara participa da segunda forma\u00e7\u00e3o de Web R\u00e1dio - CRID: Uma proposta de Comunidades Digitais Rurais<\/title>\n<meta name=\"robots\" content=\"index, follow, max-snippet:-1, max-image-preview:large, max-video-preview:-1\" \/>\n<link rel=\"canonical\" href=\"https:\/\/blogs.multimeios.ufc.br\/crid\/2016\/09\/22\/formacao-webradio-ii\/\" \/>\n<meta property=\"og:locale\" content=\"pt_BR\" \/>\n<meta property=\"og:type\" content=\"article\" \/>\n<meta property=\"og:title\" content=\"CRID Che Guevara participa da segunda forma\u00e7\u00e3o de Web R\u00e1dio - CRID: Uma proposta de Comunidades Digitais Rurais\" \/>\n<meta property=\"og:description\" content=\"Nesse encontro, os bolsistas do #CRID e a comunidade deram continuidade a forma\u00e7\u00e3o de WebR\u00e1dio. O grupo relembrou o que \u00e9 Web R\u00e1dio e debateu sobre as diferen\u00e7as entre blog, site e rede social. Com a orienta\u00e7\u00e3o dos formadores, a &hellip; Continue lendo &rarr;\" \/>\n<meta property=\"og:url\" content=\"https:\/\/blogs.multimeios.ufc.br\/crid\/2016\/09\/22\/formacao-webradio-ii\/\" \/>\n<meta property=\"og:site_name\" content=\"CRID: Uma proposta de Comunidades Digitais Rurais\" \/>\n<meta property=\"article:published_time\" content=\"2016-09-22T12:57:47+00:00\" \/>\n<meta property=\"article:modified_time\" content=\"2016-09-23T20:28:30+00:00\" \/>\n<meta name=\"author\" content=\"jessica\" \/>\n<meta name=\"twitter:card\" content=\"summary_large_image\" \/>\n<meta name=\"twitter:label1\" content=\"Escrito por\" \/>\n\t<meta name=\"twitter:data1\" content=\"jessica\" \/>\n<script type=\"application\/ld+json\" class=\"yoast-schema-graph\">{\"@context\":\"https:\\\/\\\/schema.org\",\"@graph\":[{\"@type\":\"Article\",\"@id\":\"https:\\\/\\\/blogs.multimeios.ufc.br\\\/crid\\\/2016\\\/09\\\/22\\\/formacao-webradio-ii\\\/#article\",\"isPartOf\":{\"@id\":\"https:\\\/\\\/blogs.multimeios.ufc.br\\\/crid\\\/2016\\\/09\\\/22\\\/formacao-webradio-ii\\\/\"},\"author\":{\"name\":\"jessica\",\"@id\":\"https:\\\/\\\/blogs.multimeios.ufc.br\\\/crid\\\/#\\\/schema\\\/person\\\/8a30a44fe333790fb2318d7377e4015e\"},\"headline\":\"CRID Che Guevara participa da segunda forma\u00e7\u00e3o de Web R\u00e1dio\",\"datePublished\":\"2016-09-22T12:57:47+00:00\",\"dateModified\":\"2016-09-23T20:28:30+00:00\",\"mainEntityOfPage\":{\"@id\":\"https:\\\/\\\/blogs.multimeios.ufc.br\\\/crid\\\/2016\\\/09\\\/22\\\/formacao-webradio-ii\\\/\"},\"wordCount\":109,\"inLanguage\":\"pt-BR\"},{\"@type\":\"WebPage\",\"@id\":\"https:\\\/\\\/blogs.multimeios.ufc.br\\\/crid\\\/2016\\\/09\\\/22\\\/formacao-webradio-ii\\\/\",\"url\":\"https:\\\/\\\/blogs.multimeios.ufc.br\\\/crid\\\/2016\\\/09\\\/22\\\/formacao-webradio-ii\\\/\",\"name\":\"CRID Che Guevara participa da segunda forma\u00e7\u00e3o de Web R\u00e1dio - CRID: Uma proposta de Comunidades Digitais Rurais\",\"isPartOf\":{\"@id\":\"https:\\\/\\\/blogs.multimeios.ufc.br\\\/crid\\\/#website\"},\"datePublished\":\"2016-09-22T12:57:47+00:00\",\"dateModified\":\"2016-09-23T20:28:30+00:00\",\"author\":{\"@id\":\"https:\\\/\\\/blogs.multimeios.ufc.br\\\/crid\\\/#\\\/schema\\\/person\\\/8a30a44fe333790fb2318d7377e4015e\"},\"breadcrumb\":{\"@id\":\"https:\\\/\\\/blogs.multimeios.ufc.br\\\/crid\\\/2016\\\/09\\\/22\\\/formacao-webradio-ii\\\/#breadcrumb\"},\"inLanguage\":\"pt-BR\",\"potentialAction\":[{\"@type\":\"ReadAction\",\"target\":[\"https:\\\/\\\/blogs.multimeios.ufc.br\\\/crid\\\/2016\\\/09\\\/22\\\/formacao-webradio-ii\\\/\"]}]},{\"@type\":\"BreadcrumbList\",\"@id\":\"https:\\\/\\\/blogs.multimeios.ufc.br\\\/crid\\\/2016\\\/09\\\/22\\\/formacao-webradio-ii\\\/#breadcrumb\",\"itemListElement\":[{\"@type\":\"ListItem\",\"position\":1,\"name\":\"In\u00edcio\",\"item\":\"https:\\\/\\\/blogs.multimeios.ufc.br\\\/crid\\\/\"},{\"@type\":\"ListItem\",\"position\":2,\"name\":\"CRID Che Guevara participa da segunda forma\u00e7\u00e3o de Web R\u00e1dio\"}]},{\"@type\":\"WebSite\",\"@id\":\"https:\\\/\\\/blogs.multimeios.ufc.br\\\/crid\\\/#website\",\"url\":\"https:\\\/\\\/blogs.multimeios.ufc.br\\\/crid\\\/\",\"name\":\"CRID: Uma proposta de Comunidades Digitais Rurais\",\"description\":\"\",\"potentialAction\":[{\"@type\":\"SearchAction\",\"target\":{\"@type\":\"EntryPoint\",\"urlTemplate\":\"https:\\\/\\\/blogs.multimeios.ufc.br\\\/crid\\\/?s={search_term_string}\"},\"query-input\":{\"@type\":\"PropertyValueSpecification\",\"valueRequired\":true,\"valueName\":\"search_term_string\"}}],\"inLanguage\":\"pt-BR\"},{\"@type\":\"Person\",\"@id\":\"https:\\\/\\\/blogs.multimeios.ufc.br\\\/crid\\\/#\\\/schema\\\/person\\\/8a30a44fe333790fb2318d7377e4015e\",\"name\":\"jessica\",\"url\":\"https:\\\/\\\/blogs.multimeios.ufc.br\\\/crid\\\/author\\\/jessica\\\/\"}]}<\/script>\n<!-- \/ Yoast SEO plugin. -->","yoast_head_json":{"title":"CRID Che Guevara participa da segunda forma\u00e7\u00e3o de Web R\u00e1dio - CRID: Uma proposta de Comunidades Digitais Rurais","robots":{"index":"index","follow":"follow","max-snippet":"max-snippet:-1","max-image-preview":"max-image-preview:large","max-video-preview":"max-video-preview:-1"},"canonical":"https:\/\/blogs.multimeios.ufc.br\/crid\/2016\/09\/22\/formacao-webradio-ii\/","og_locale":"pt_BR","og_type":"article","og_title":"CRID Che Guevara participa da segunda forma\u00e7\u00e3o de Web R\u00e1dio - CRID: Uma proposta de Comunidades Digitais Rurais","og_description":"Nesse encontro, os bolsistas do #CRID e a comunidade deram continuidade a forma\u00e7\u00e3o de WebR\u00e1dio. O grupo relembrou o que \u00e9 Web R\u00e1dio e debateu sobre as diferen\u00e7as entre blog, site e rede social. Com a orienta\u00e7\u00e3o dos formadores, a &hellip; Continue lendo &rarr;","og_url":"https:\/\/blogs.multimeios.ufc.br\/crid\/2016\/09\/22\/formacao-webradio-ii\/","og_site_name":"CRID: Uma proposta de Comunidades Digitais Rurais","article_published_time":"2016-09-22T12:57:47+00:00","article_modified_time":"2016-09-23T20:28:30+00:00","author":"jessica","twitter_card":"summary_large_image","twitter_misc":{"Escrito por":"jessica"},"schema":{"@context":"https:\/\/schema.org","@graph":[{"@type":"Article","@id":"https:\/\/blogs.multimeios.ufc.br\/crid\/2016\/09\/22\/formacao-webradio-ii\/#article","isPartOf":{"@id":"https:\/\/blogs.multimeios.ufc.br\/crid\/2016\/09\/22\/formacao-webradio-ii\/"},"author":{"name":"jessica","@id":"https:\/\/blogs.multimeios.ufc.br\/crid\/#\/schema\/person\/8a30a44fe333790fb2318d7377e4015e"},"headline":"CRID Che Guevara participa da segunda forma\u00e7\u00e3o de Web R\u00e1dio","datePublished":"2016-09-22T12:57:47+00:00","dateModified":"2016-09-23T20:28:30+00:00","mainEntityOfPage":{"@id":"https:\/\/blogs.multimeios.ufc.br\/crid\/2016\/09\/22\/formacao-webradio-ii\/"},"wordCount":109,"inLanguage":"pt-BR"},{"@type":"WebPage","@id":"https:\/\/blogs.multimeios.ufc.br\/crid\/2016\/09\/22\/formacao-webradio-ii\/","url":"https:\/\/blogs.multimeios.ufc.br\/crid\/2016\/09\/22\/formacao-webradio-ii\/","name":"CRID Che Guevara participa da segunda forma\u00e7\u00e3o de Web R\u00e1dio - CRID: Uma proposta de Comunidades Digitais Rurais","isPartOf":{"@id":"https:\/\/blogs.multimeios.ufc.br\/crid\/#website"},"datePublished":"2016-09-22T12:57:47+00:00","dateModified":"2016-09-23T20:28:30+00:00","author":{"@id":"https:\/\/blogs.multimeios.ufc.br\/crid\/#\/schema\/person\/8a30a44fe333790fb2318d7377e4015e"},"breadcrumb":{"@id":"https:\/\/blogs.multimeios.ufc.br\/crid\/2016\/09\/22\/formacao-webradio-ii\/#breadcrumb"},"inLanguage":"pt-BR","potentialAction":[{"@type":"ReadAction","target":["https:\/\/blogs.multimeios.ufc.br\/crid\/2016\/09\/22\/formacao-webradio-ii\/"]}]},{"@type":"BreadcrumbList","@id":"https:\/\/blogs.multimeios.ufc.br\/crid\/2016\/09\/22\/formacao-webradio-ii\/#breadcrumb","itemListElement":[{"@type":"ListItem","position":1,"name":"In\u00edcio","item":"https:\/\/blogs.multimeios.ufc.br\/crid\/"},{"@type":"ListItem","position":2,"name":"CRID Che Guevara participa da segunda forma\u00e7\u00e3o de Web R\u00e1dio"}]},{"@type":"WebSite","@id":"https:\/\/blogs.multimeios.ufc.br\/crid\/#website","url":"https:\/\/blogs.multimeios.ufc.br\/crid\/","name":"CRID: Uma proposta de Comunidades Digitais Rurais","description":"","potentialAction":[{"@type":"SearchAction","target":{"@type":"EntryPoint","urlTemplate":"https:\/\/blogs.multimeios.ufc.br\/crid\/?s={search_term_string}"},"query-input":{"@type":"PropertyValueSpecification","valueRequired":true,"valueName":"search_term_string"}}],"inLanguage":"pt-BR"},{"@type":"Person","@id":"https:\/\/blogs.multimeios.ufc.br\/crid\/#\/schema\/person\/8a30a44fe333790fb2318d7377e4015e","name":"jessica","url":"https:\/\/blogs.multimeios.ufc.br\/crid\/author\/jessica\/"}]}},"_links":{"self":[{"href":"https:\/\/blogs.multimeios.ufc.br\/crid\/wp-json\/wp\/v2\/posts\/502","targetHints":{"allow":["GET"]}}],"collection":[{"href":"https:\/\/blogs.multimeios.ufc.br\/crid\/wp-json\/wp\/v2\/posts"}],"about":[{"href":"https:\/\/blogs.multimeios.ufc.br\/crid\/wp-json\/wp\/v2\/types\/post"}],"author":[{"embeddable":true,"href":"https:\/\/blogs.multimeios.ufc.br\/crid\/wp-json\/wp\/v2\/users\/10"}],"replies":[{"embeddable":true,"href":"https:\/\/blogs.multimeios.ufc.br\/crid\/wp-json\/wp\/v2\/comments?post=502"}],"version-history":[{"count":5,"href":"https:\/\/blogs.multimeios.ufc.br\/crid\/wp-json\/wp\/v2\/posts\/502\/revisions"}],"predecessor-version":[{"id":538,"href":"https:\/\/blogs.multimeios.ufc.br\/crid\/wp-json\/wp\/v2\/posts\/502\/revisions\/538"}],"wp:attachment":[{"href":"https:\/\/blogs.multimeios.ufc.br\/crid\/wp-json\/wp\/v2\/media?parent=502"}],"wp:term":[{"taxonomy":"category","embeddable":true,"href":"https:\/\/blogs.multimeios.ufc.br\/crid\/wp-json\/wp\/v2\/categories?post=502"},{"taxonomy":"post_tag","embeddable":true,"href":"https:\/\/blogs.multimeios.ufc.br\/crid\/wp-json\/wp\/v2\/tags?post=502"}],"curies":[{"name":"wp","href":"https:\/\/api.w.org\/{rel}","templated":true}]}}