{"id":557,"date":"2016-10-19T18:50:58","date_gmt":"2016-10-19T18:50:58","guid":{"rendered":"http:\/\/blogs.multimeios.ufc.br\/crid\/?p=557"},"modified":"2016-10-19T19:48:23","modified_gmt":"2016-10-19T19:48:23","slug":"oficina-de-blog-inicia-serie-de-formacoes-de-temas-relacionados-a-webcomunicacao","status":"publish","type":"post","link":"https:\/\/blogs.multimeios.ufc.br\/crid\/2016\/10\/19\/oficina-de-blog-inicia-serie-de-formacoes-de-temas-relacionados-a-webcomunicacao\/","title":{"rendered":"Oficina de Blog inicia s\u00e9rie de forma\u00e7\u00f5es de temas relacionados \u00e0 Webcomunica\u00e7\u00e3o"},"content":{"rendered":"<p style=\"text-align: justify\"><span style=\"color: #000000\"><span style=\"font-family: Times new roman,serif\"><span style=\"font-size: medium\">A oficina aconteceu no dia 28 de Setembro de 2016, iniciando um di\u00e1logo entre os bolsistas do CRID sobre o que \u00e9 e para que serve um blog e sua utilidade na sociedade da informa\u00e7\u00e3o. O momento foi mediado pelas bolsistas J\u00e9ssica e Ellie, que trouxeram o conceito de Blog, seu surgimento, seus limites e suas possibilidades, bem como o seu papel enquanto ferramenta pedag\u00f3gica. <\/span><\/span><\/span><\/p>\n<p style=\"text-align: justify\"><span style=\"color: #000000\"><span style=\"font-family: Times new roman,serif\"><span style=\"font-size: medium\"><i>WordPress<\/i> e <i>Blogger <\/i>foram as duas plataformas apresentadas durante a oficina, sendo o <i>Blogger<\/i> escolhido para a cria\u00e7\u00e3o e gerenciamento dos ambientes criados pelos bolsistas, que divididos em equipes, criaram seus blogs, de acordo com o tema de suas respectivas oficinas a serem ministradas por eles no decorrer da semana.<\/span><\/span><\/span><\/p>\n<div id=\"attachment_585\" style=\"width: 419px\" class=\"wp-caption aligncenter\"><a href=\"http:\/\/blogs.multimeios.ufc.br\/crid\/files\/2016\/10\/blogoficial.png\"><img fetchpriority=\"high\" decoding=\"async\" aria-describedby=\"caption-attachment-585\" class=\" wp-image-585\" src=\"http:\/\/blogs.multimeios.ufc.br\/crid\/files\/2016\/10\/blogoficial.png\" alt=\"As bolsistas Ellie Freitas e J\u00e9ssica Castro ministram a oficina de Blog.\" width=\"409\" height=\"262\" srcset=\"https:\/\/blogs.multimeios.ufc.br\/crid\/files\/2016\/10\/blogoficial.png 825w, https:\/\/blogs.multimeios.ufc.br\/crid\/files\/2016\/10\/blogoficial-300x192.png 300w, https:\/\/blogs.multimeios.ufc.br\/crid\/files\/2016\/10\/blogoficial-768x492.png 768w\" sizes=\"(max-width: 409px) 100vw, 409px\" \/><\/a><p id=\"caption-attachment-585\" class=\"wp-caption-text\">As bolsistas Ellie Freitas e J\u00e9ssica Castro ministram a oficina de Blog.<\/p><\/div>\n","protected":false},"excerpt":{"rendered":"<p>A oficina aconteceu no dia 28 de Setembro de 2016, iniciando um di\u00e1logo entre os bolsistas do CRID sobre o que \u00e9 e para que serve um blog e sua utilidade na sociedade da informa\u00e7\u00e3o. O momento foi mediado pelas &hellip; <a href=\"https:\/\/blogs.multimeios.ufc.br\/crid\/2016\/10\/19\/oficina-de-blog-inicia-serie-de-formacoes-de-temas-relacionados-a-webcomunicacao\/\">Continue lendo <span class=\"meta-nav\">&rarr;<\/span><\/a><\/p>\n","protected":false},"author":10,"featured_media":0,"comment_status":"closed","ping_status":"closed","sticky":false,"template":"","format":"standard","meta":{"footnotes":""},"categories":[1],"tags":[],"class_list":["post-557","post","type-post","status-publish","format-standard","hentry","category-sem-categoria"],"yoast_head":"<!-- This site is optimized with the Yoast SEO plugin v27.4 - https:\/\/yoast.com\/product\/yoast-seo-wordpress\/ -->\n<title>Oficina de Blog inicia s\u00e9rie de forma\u00e7\u00f5es de temas relacionados \u00e0 Webcomunica\u00e7\u00e3o - CRID: Uma proposta de Comunidades Digitais Rurais<\/title>\n<meta name=\"robots\" content=\"index, follow, max-snippet:-1, max-image-preview:large, max-video-preview:-1\" \/>\n<link rel=\"canonical\" href=\"https:\/\/blogs.multimeios.ufc.br\/crid\/2016\/10\/19\/oficina-de-blog-inicia-serie-de-formacoes-de-temas-relacionados-a-webcomunicacao\/\" \/>\n<meta property=\"og:locale\" content=\"pt_BR\" \/>\n<meta property=\"og:type\" content=\"article\" \/>\n<meta property=\"og:title\" content=\"Oficina de Blog inicia s\u00e9rie de forma\u00e7\u00f5es de temas relacionados \u00e0 Webcomunica\u00e7\u00e3o - CRID: Uma proposta de Comunidades Digitais Rurais\" \/>\n<meta property=\"og:description\" content=\"A oficina aconteceu no dia 28 de Setembro de 2016, iniciando um di\u00e1logo entre os bolsistas do CRID sobre o que \u00e9 e para que serve um blog e sua utilidade na sociedade da informa\u00e7\u00e3o. O momento foi mediado pelas &hellip; Continue lendo &rarr;\" \/>\n<meta property=\"og:url\" content=\"https:\/\/blogs.multimeios.ufc.br\/crid\/2016\/10\/19\/oficina-de-blog-inicia-serie-de-formacoes-de-temas-relacionados-a-webcomunicacao\/\" \/>\n<meta property=\"og:site_name\" content=\"CRID: Uma proposta de Comunidades Digitais Rurais\" \/>\n<meta property=\"article:published_time\" content=\"2016-10-19T18:50:58+00:00\" \/>\n<meta property=\"article:modified_time\" content=\"2016-10-19T19:48:23+00:00\" \/>\n<meta property=\"og:image\" content=\"http:\/\/blogs.multimeios.ufc.br\/crid\/files\/2016\/10\/blogoficial.png\" \/>\n<meta name=\"author\" content=\"jessica\" \/>\n<meta name=\"twitter:card\" content=\"summary_large_image\" \/>\n<meta name=\"twitter:label1\" content=\"Escrito por\" \/>\n\t<meta name=\"twitter:data1\" content=\"jessica\" \/>\n\t<meta name=\"twitter:label2\" content=\"Est. tempo de leitura\" \/>\n\t<meta name=\"twitter:data2\" content=\"1 minuto\" \/>\n<script type=\"application\/ld+json\" class=\"yoast-schema-graph\">{\"@context\":\"https:\\\/\\\/schema.org\",\"@graph\":[{\"@type\":\"Article\",\"@id\":\"https:\\\/\\\/blogs.multimeios.ufc.br\\\/crid\\\/2016\\\/10\\\/19\\\/oficina-de-blog-inicia-serie-de-formacoes-de-temas-relacionados-a-webcomunicacao\\\/#article\",\"isPartOf\":{\"@id\":\"https:\\\/\\\/blogs.multimeios.ufc.br\\\/crid\\\/2016\\\/10\\\/19\\\/oficina-de-blog-inicia-serie-de-formacoes-de-temas-relacionados-a-webcomunicacao\\\/\"},\"author\":{\"name\":\"jessica\",\"@id\":\"https:\\\/\\\/blogs.multimeios.ufc.br\\\/crid\\\/#\\\/schema\\\/person\\\/8a30a44fe333790fb2318d7377e4015e\"},\"headline\":\"Oficina de Blog inicia s\u00e9rie de forma\u00e7\u00f5es de temas relacionados \u00e0 Webcomunica\u00e7\u00e3o\",\"datePublished\":\"2016-10-19T18:50:58+00:00\",\"dateModified\":\"2016-10-19T19:48:23+00:00\",\"mainEntityOfPage\":{\"@id\":\"https:\\\/\\\/blogs.multimeios.ufc.br\\\/crid\\\/2016\\\/10\\\/19\\\/oficina-de-blog-inicia-serie-de-formacoes-de-temas-relacionados-a-webcomunicacao\\\/\"},\"wordCount\":151,\"image\":{\"@id\":\"https:\\\/\\\/blogs.multimeios.ufc.br\\\/crid\\\/2016\\\/10\\\/19\\\/oficina-de-blog-inicia-serie-de-formacoes-de-temas-relacionados-a-webcomunicacao\\\/#primaryimage\"},\"thumbnailUrl\":\"http:\\\/\\\/blogs.multimeios.ufc.br\\\/crid\\\/files\\\/2016\\\/10\\\/blogoficial.png\",\"inLanguage\":\"pt-BR\"},{\"@type\":\"WebPage\",\"@id\":\"https:\\\/\\\/blogs.multimeios.ufc.br\\\/crid\\\/2016\\\/10\\\/19\\\/oficina-de-blog-inicia-serie-de-formacoes-de-temas-relacionados-a-webcomunicacao\\\/\",\"url\":\"https:\\\/\\\/blogs.multimeios.ufc.br\\\/crid\\\/2016\\\/10\\\/19\\\/oficina-de-blog-inicia-serie-de-formacoes-de-temas-relacionados-a-webcomunicacao\\\/\",\"name\":\"Oficina de Blog inicia s\u00e9rie de forma\u00e7\u00f5es de temas relacionados \u00e0 Webcomunica\u00e7\u00e3o - CRID: Uma proposta de Comunidades Digitais Rurais\",\"isPartOf\":{\"@id\":\"https:\\\/\\\/blogs.multimeios.ufc.br\\\/crid\\\/#website\"},\"primaryImageOfPage\":{\"@id\":\"https:\\\/\\\/blogs.multimeios.ufc.br\\\/crid\\\/2016\\\/10\\\/19\\\/oficina-de-blog-inicia-serie-de-formacoes-de-temas-relacionados-a-webcomunicacao\\\/#primaryimage\"},\"image\":{\"@id\":\"https:\\\/\\\/blogs.multimeios.ufc.br\\\/crid\\\/2016\\\/10\\\/19\\\/oficina-de-blog-inicia-serie-de-formacoes-de-temas-relacionados-a-webcomunicacao\\\/#primaryimage\"},\"thumbnailUrl\":\"http:\\\/\\\/blogs.multimeios.ufc.br\\\/crid\\\/files\\\/2016\\\/10\\\/blogoficial.png\",\"datePublished\":\"2016-10-19T18:50:58+00:00\",\"dateModified\":\"2016-10-19T19:48:23+00:00\",\"author\":{\"@id\":\"https:\\\/\\\/blogs.multimeios.ufc.br\\\/crid\\\/#\\\/schema\\\/person\\\/8a30a44fe333790fb2318d7377e4015e\"},\"breadcrumb\":{\"@id\":\"https:\\\/\\\/blogs.multimeios.ufc.br\\\/crid\\\/2016\\\/10\\\/19\\\/oficina-de-blog-inicia-serie-de-formacoes-de-temas-relacionados-a-webcomunicacao\\\/#breadcrumb\"},\"inLanguage\":\"pt-BR\",\"potentialAction\":[{\"@type\":\"ReadAction\",\"target\":[\"https:\\\/\\\/blogs.multimeios.ufc.br\\\/crid\\\/2016\\\/10\\\/19\\\/oficina-de-blog-inicia-serie-de-formacoes-de-temas-relacionados-a-webcomunicacao\\\/\"]}]},{\"@type\":\"ImageObject\",\"inLanguage\":\"pt-BR\",\"@id\":\"https:\\\/\\\/blogs.multimeios.ufc.br\\\/crid\\\/2016\\\/10\\\/19\\\/oficina-de-blog-inicia-serie-de-formacoes-de-temas-relacionados-a-webcomunicacao\\\/#primaryimage\",\"url\":\"http:\\\/\\\/blogs.multimeios.ufc.br\\\/crid\\\/files\\\/2016\\\/10\\\/blogoficial.png\",\"contentUrl\":\"http:\\\/\\\/blogs.multimeios.ufc.br\\\/crid\\\/files\\\/2016\\\/10\\\/blogoficial.png\"},{\"@type\":\"BreadcrumbList\",\"@id\":\"https:\\\/\\\/blogs.multimeios.ufc.br\\\/crid\\\/2016\\\/10\\\/19\\\/oficina-de-blog-inicia-serie-de-formacoes-de-temas-relacionados-a-webcomunicacao\\\/#breadcrumb\",\"itemListElement\":[{\"@type\":\"ListItem\",\"position\":1,\"name\":\"In\u00edcio\",\"item\":\"https:\\\/\\\/blogs.multimeios.ufc.br\\\/crid\\\/\"},{\"@type\":\"ListItem\",\"position\":2,\"name\":\"Oficina de Blog inicia s\u00e9rie de forma\u00e7\u00f5es de temas relacionados \u00e0 Webcomunica\u00e7\u00e3o\"}]},{\"@type\":\"WebSite\",\"@id\":\"https:\\\/\\\/blogs.multimeios.ufc.br\\\/crid\\\/#website\",\"url\":\"https:\\\/\\\/blogs.multimeios.ufc.br\\\/crid\\\/\",\"name\":\"CRID: Uma proposta de Comunidades Digitais Rurais\",\"description\":\"\",\"potentialAction\":[{\"@type\":\"SearchAction\",\"target\":{\"@type\":\"EntryPoint\",\"urlTemplate\":\"https:\\\/\\\/blogs.multimeios.ufc.br\\\/crid\\\/?s={search_term_string}\"},\"query-input\":{\"@type\":\"PropertyValueSpecification\",\"valueRequired\":true,\"valueName\":\"search_term_string\"}}],\"inLanguage\":\"pt-BR\"},{\"@type\":\"Person\",\"@id\":\"https:\\\/\\\/blogs.multimeios.ufc.br\\\/crid\\\/#\\\/schema\\\/person\\\/8a30a44fe333790fb2318d7377e4015e\",\"name\":\"jessica\",\"url\":\"https:\\\/\\\/blogs.multimeios.ufc.br\\\/crid\\\/author\\\/jessica\\\/\"}]}<\/script>\n<!-- \/ Yoast SEO plugin. -->","yoast_head_json":{"title":"Oficina de Blog inicia s\u00e9rie de forma\u00e7\u00f5es de temas relacionados \u00e0 Webcomunica\u00e7\u00e3o - CRID: Uma proposta de Comunidades Digitais Rurais","robots":{"index":"index","follow":"follow","max-snippet":"max-snippet:-1","max-image-preview":"max-image-preview:large","max-video-preview":"max-video-preview:-1"},"canonical":"https:\/\/blogs.multimeios.ufc.br\/crid\/2016\/10\/19\/oficina-de-blog-inicia-serie-de-formacoes-de-temas-relacionados-a-webcomunicacao\/","og_locale":"pt_BR","og_type":"article","og_title":"Oficina de Blog inicia s\u00e9rie de forma\u00e7\u00f5es de temas relacionados \u00e0 Webcomunica\u00e7\u00e3o - CRID: Uma proposta de Comunidades Digitais Rurais","og_description":"A oficina aconteceu no dia 28 de Setembro de 2016, iniciando um di\u00e1logo entre os bolsistas do CRID sobre o que \u00e9 e para que serve um blog e sua utilidade na sociedade da informa\u00e7\u00e3o. O momento foi mediado pelas &hellip; Continue lendo &rarr;","og_url":"https:\/\/blogs.multimeios.ufc.br\/crid\/2016\/10\/19\/oficina-de-blog-inicia-serie-de-formacoes-de-temas-relacionados-a-webcomunicacao\/","og_site_name":"CRID: Uma proposta de Comunidades Digitais Rurais","article_published_time":"2016-10-19T18:50:58+00:00","article_modified_time":"2016-10-19T19:48:23+00:00","og_image":[{"url":"http:\/\/blogs.multimeios.ufc.br\/crid\/files\/2016\/10\/blogoficial.png","type":"","width":"","height":""}],"author":"jessica","twitter_card":"summary_large_image","twitter_misc":{"Escrito por":"jessica","Est. tempo de leitura":"1 minuto"},"schema":{"@context":"https:\/\/schema.org","@graph":[{"@type":"Article","@id":"https:\/\/blogs.multimeios.ufc.br\/crid\/2016\/10\/19\/oficina-de-blog-inicia-serie-de-formacoes-de-temas-relacionados-a-webcomunicacao\/#article","isPartOf":{"@id":"https:\/\/blogs.multimeios.ufc.br\/crid\/2016\/10\/19\/oficina-de-blog-inicia-serie-de-formacoes-de-temas-relacionados-a-webcomunicacao\/"},"author":{"name":"jessica","@id":"https:\/\/blogs.multimeios.ufc.br\/crid\/#\/schema\/person\/8a30a44fe333790fb2318d7377e4015e"},"headline":"Oficina de Blog inicia s\u00e9rie de forma\u00e7\u00f5es de temas relacionados \u00e0 Webcomunica\u00e7\u00e3o","datePublished":"2016-10-19T18:50:58+00:00","dateModified":"2016-10-19T19:48:23+00:00","mainEntityOfPage":{"@id":"https:\/\/blogs.multimeios.ufc.br\/crid\/2016\/10\/19\/oficina-de-blog-inicia-serie-de-formacoes-de-temas-relacionados-a-webcomunicacao\/"},"wordCount":151,"image":{"@id":"https:\/\/blogs.multimeios.ufc.br\/crid\/2016\/10\/19\/oficina-de-blog-inicia-serie-de-formacoes-de-temas-relacionados-a-webcomunicacao\/#primaryimage"},"thumbnailUrl":"http:\/\/blogs.multimeios.ufc.br\/crid\/files\/2016\/10\/blogoficial.png","inLanguage":"pt-BR"},{"@type":"WebPage","@id":"https:\/\/blogs.multimeios.ufc.br\/crid\/2016\/10\/19\/oficina-de-blog-inicia-serie-de-formacoes-de-temas-relacionados-a-webcomunicacao\/","url":"https:\/\/blogs.multimeios.ufc.br\/crid\/2016\/10\/19\/oficina-de-blog-inicia-serie-de-formacoes-de-temas-relacionados-a-webcomunicacao\/","name":"Oficina de Blog inicia s\u00e9rie de forma\u00e7\u00f5es de temas relacionados \u00e0 Webcomunica\u00e7\u00e3o - CRID: Uma proposta de Comunidades Digitais Rurais","isPartOf":{"@id":"https:\/\/blogs.multimeios.ufc.br\/crid\/#website"},"primaryImageOfPage":{"@id":"https:\/\/blogs.multimeios.ufc.br\/crid\/2016\/10\/19\/oficina-de-blog-inicia-serie-de-formacoes-de-temas-relacionados-a-webcomunicacao\/#primaryimage"},"image":{"@id":"https:\/\/blogs.multimeios.ufc.br\/crid\/2016\/10\/19\/oficina-de-blog-inicia-serie-de-formacoes-de-temas-relacionados-a-webcomunicacao\/#primaryimage"},"thumbnailUrl":"http:\/\/blogs.multimeios.ufc.br\/crid\/files\/2016\/10\/blogoficial.png","datePublished":"2016-10-19T18:50:58+00:00","dateModified":"2016-10-19T19:48:23+00:00","author":{"@id":"https:\/\/blogs.multimeios.ufc.br\/crid\/#\/schema\/person\/8a30a44fe333790fb2318d7377e4015e"},"breadcrumb":{"@id":"https:\/\/blogs.multimeios.ufc.br\/crid\/2016\/10\/19\/oficina-de-blog-inicia-serie-de-formacoes-de-temas-relacionados-a-webcomunicacao\/#breadcrumb"},"inLanguage":"pt-BR","potentialAction":[{"@type":"ReadAction","target":["https:\/\/blogs.multimeios.ufc.br\/crid\/2016\/10\/19\/oficina-de-blog-inicia-serie-de-formacoes-de-temas-relacionados-a-webcomunicacao\/"]}]},{"@type":"ImageObject","inLanguage":"pt-BR","@id":"https:\/\/blogs.multimeios.ufc.br\/crid\/2016\/10\/19\/oficina-de-blog-inicia-serie-de-formacoes-de-temas-relacionados-a-webcomunicacao\/#primaryimage","url":"http:\/\/blogs.multimeios.ufc.br\/crid\/files\/2016\/10\/blogoficial.png","contentUrl":"http:\/\/blogs.multimeios.ufc.br\/crid\/files\/2016\/10\/blogoficial.png"},{"@type":"BreadcrumbList","@id":"https:\/\/blogs.multimeios.ufc.br\/crid\/2016\/10\/19\/oficina-de-blog-inicia-serie-de-formacoes-de-temas-relacionados-a-webcomunicacao\/#breadcrumb","itemListElement":[{"@type":"ListItem","position":1,"name":"In\u00edcio","item":"https:\/\/blogs.multimeios.ufc.br\/crid\/"},{"@type":"ListItem","position":2,"name":"Oficina de Blog inicia s\u00e9rie de forma\u00e7\u00f5es de temas relacionados \u00e0 Webcomunica\u00e7\u00e3o"}]},{"@type":"WebSite","@id":"https:\/\/blogs.multimeios.ufc.br\/crid\/#website","url":"https:\/\/blogs.multimeios.ufc.br\/crid\/","name":"CRID: Uma proposta de Comunidades Digitais Rurais","description":"","potentialAction":[{"@type":"SearchAction","target":{"@type":"EntryPoint","urlTemplate":"https:\/\/blogs.multimeios.ufc.br\/crid\/?s={search_term_string}"},"query-input":{"@type":"PropertyValueSpecification","valueRequired":true,"valueName":"search_term_string"}}],"inLanguage":"pt-BR"},{"@type":"Person","@id":"https:\/\/blogs.multimeios.ufc.br\/crid\/#\/schema\/person\/8a30a44fe333790fb2318d7377e4015e","name":"jessica","url":"https:\/\/blogs.multimeios.ufc.br\/crid\/author\/jessica\/"}]}},"_links":{"self":[{"href":"https:\/\/blogs.multimeios.ufc.br\/crid\/wp-json\/wp\/v2\/posts\/557","targetHints":{"allow":["GET"]}}],"collection":[{"href":"https:\/\/blogs.multimeios.ufc.br\/crid\/wp-json\/wp\/v2\/posts"}],"about":[{"href":"https:\/\/blogs.multimeios.ufc.br\/crid\/wp-json\/wp\/v2\/types\/post"}],"author":[{"embeddable":true,"href":"https:\/\/blogs.multimeios.ufc.br\/crid\/wp-json\/wp\/v2\/users\/10"}],"replies":[{"embeddable":true,"href":"https:\/\/blogs.multimeios.ufc.br\/crid\/wp-json\/wp\/v2\/comments?post=557"}],"version-history":[{"count":13,"href":"https:\/\/blogs.multimeios.ufc.br\/crid\/wp-json\/wp\/v2\/posts\/557\/revisions"}],"predecessor-version":[{"id":586,"href":"https:\/\/blogs.multimeios.ufc.br\/crid\/wp-json\/wp\/v2\/posts\/557\/revisions\/586"}],"wp:attachment":[{"href":"https:\/\/blogs.multimeios.ufc.br\/crid\/wp-json\/wp\/v2\/media?parent=557"}],"wp:term":[{"taxonomy":"category","embeddable":true,"href":"https:\/\/blogs.multimeios.ufc.br\/crid\/wp-json\/wp\/v2\/categories?post=557"},{"taxonomy":"post_tag","embeddable":true,"href":"https:\/\/blogs.multimeios.ufc.br\/crid\/wp-json\/wp\/v2\/tags?post=557"}],"curies":[{"name":"wp","href":"https:\/\/api.w.org\/{rel}","templated":true}]}}