{"id":798,"date":"2017-03-15T16:14:33","date_gmt":"2017-03-15T16:14:33","guid":{"rendered":"http:\/\/blogs.multimeios.ufc.br\/crid\/?p=798"},"modified":"2017-03-15T20:50:44","modified_gmt":"2017-03-15T20:50:44","slug":"crid-recepiciona-novos-bolsistas-do-projeto","status":"publish","type":"post","link":"https:\/\/blogs.multimeios.ufc.br\/crid\/2017\/03\/15\/crid-recepiciona-novos-bolsistas-do-projeto\/","title":{"rendered":"COM ALEGRIA, CRID RECEPCIONA OS NOVOS BOLSISTAS DO PROJETO"},"content":{"rendered":"<p>Nesta ter\u00e7a-feira, 14, a equipe Crid recebeu os novos bolsistas que agora fazem parte do projeto. O momento contou com a presen\u00e7a do coordenador do projeto, Professor Herm\u00ednio Borges Neto, que falou brevemente sobre algumas a\u00e7\u00f5es desenvolvidas no Laborat\u00f3rio Multimeios.<\/p>\n<p><a href=\"http:\/\/blogs.multimeios.ufc.br\/crid\/files\/2017\/03\/IMG_0453.jpg\"><img fetchpriority=\"high\" decoding=\"async\" class=\"aligncenter size-medium wp-image-799\" src=\"http:\/\/blogs.multimeios.ufc.br\/crid\/files\/2017\/03\/IMG_0453-300x200.jpg\" alt=\"\" width=\"300\" height=\"200\" srcset=\"https:\/\/blogs.multimeios.ufc.br\/crid\/files\/2017\/03\/IMG_0453-300x200.jpg 300w, https:\/\/blogs.multimeios.ufc.br\/crid\/files\/2017\/03\/IMG_0453-768x512.jpg 768w, https:\/\/blogs.multimeios.ufc.br\/crid\/files\/2017\/03\/IMG_0453-1024x683.jpg 1024w\" sizes=\"(max-width: 300px) 100vw, 300px\" \/><\/a><\/p>\n<p>Envolvidos pela descontra\u00e7\u00e3o, todos participaram de uma din\u00e2mica de apresenta\u00e7\u00e3o, que tamb\u00e9m envolvia a pr\u00e1tica do trabalho em grupo.<\/p>\n<p><a href=\"http:\/\/blogs.multimeios.ufc.br\/crid\/files\/2017\/03\/IMG_0517.jpg\"><img decoding=\"async\" class=\"aligncenter size-medium wp-image-801\" src=\"http:\/\/blogs.multimeios.ufc.br\/crid\/files\/2017\/03\/IMG_0517-300x200.jpg\" alt=\"\" width=\"300\" height=\"200\" srcset=\"https:\/\/blogs.multimeios.ufc.br\/crid\/files\/2017\/03\/IMG_0517-300x200.jpg 300w, https:\/\/blogs.multimeios.ufc.br\/crid\/files\/2017\/03\/IMG_0517-768x512.jpg 768w, https:\/\/blogs.multimeios.ufc.br\/crid\/files\/2017\/03\/IMG_0517-1024x683.jpg 1024w\" sizes=\"(max-width: 300px) 100vw, 300px\" \/><\/a> <a href=\"http:\/\/blogs.multimeios.ufc.br\/crid\/files\/2017\/03\/IMG_0516.jpg\"><img decoding=\"async\" class=\"aligncenter size-medium wp-image-800\" src=\"http:\/\/blogs.multimeios.ufc.br\/crid\/files\/2017\/03\/IMG_0516-300x200.jpg\" alt=\"\" width=\"300\" height=\"200\" srcset=\"https:\/\/blogs.multimeios.ufc.br\/crid\/files\/2017\/03\/IMG_0516-300x200.jpg 300w, https:\/\/blogs.multimeios.ufc.br\/crid\/files\/2017\/03\/IMG_0516-768x512.jpg 768w, https:\/\/blogs.multimeios.ufc.br\/crid\/files\/2017\/03\/IMG_0516-1024x683.jpg 1024w\" sizes=\"(max-width: 300px) 100vw, 300px\" \/><\/a>Virginia Tavares, bolsista h\u00e1 dois anos do Crid, comenta: \u201cFico feliz em ter novas pessoas nesse projeto maravilhoso. \u00c9 muito bom saber que todos t\u00eam \u00f3timas expectativas e vontade de estabelecer v\u00ednculos, al\u00e9m do aprendizado e conhecimento que compartilharemos\u201d, conta a bolsista.<\/p>\n<p><a href=\"http:\/\/blogs.multimeios.ufc.br\/crid\/files\/2017\/03\/IMG_0557.jpg\"><img loading=\"lazy\" decoding=\"async\" class=\"aligncenter size-large wp-image-802\" src=\"http:\/\/blogs.multimeios.ufc.br\/crid\/files\/2017\/03\/IMG_0557-1024x683.jpg\" alt=\"\" width=\"640\" height=\"427\" \/><\/a><\/p>\n<p>Fotos da bolsista Rafaela Gomes.<\/p>\n<p>&nbsp;<\/p>\n","protected":false},"excerpt":{"rendered":"<p>Nesta ter\u00e7a-feira, 14, a equipe Crid recebeu os novos bolsistas que agora fazem parte do projeto. O momento contou com a presen\u00e7a do coordenador do projeto, Professor Herm\u00ednio Borges Neto, que falou brevemente sobre algumas a\u00e7\u00f5es desenvolvidas no Laborat\u00f3rio Multimeios. &hellip; <a href=\"https:\/\/blogs.multimeios.ufc.br\/crid\/2017\/03\/15\/crid-recepiciona-novos-bolsistas-do-projeto\/\">Continue lendo <span class=\"meta-nav\">&rarr;<\/span><\/a><\/p>\n","protected":false},"author":10,"featured_media":802,"comment_status":"closed","ping_status":"closed","sticky":false,"template":"","format":"standard","meta":{"footnotes":""},"categories":[1],"tags":[],"class_list":["post-798","post","type-post","status-publish","format-standard","has-post-thumbnail","hentry","category-sem-categoria"],"yoast_head":"<!-- This site is optimized with the Yoast SEO plugin v27.4 - https:\/\/yoast.com\/product\/yoast-seo-wordpress\/ -->\n<title>COM ALEGRIA, CRID RECEPCIONA OS NOVOS BOLSISTAS DO PROJETO - CRID: Uma proposta de Comunidades Digitais Rurais<\/title>\n<meta name=\"robots\" content=\"index, follow, max-snippet:-1, max-image-preview:large, max-video-preview:-1\" \/>\n<link rel=\"canonical\" href=\"https:\/\/blogs.multimeios.ufc.br\/crid\/2017\/03\/15\/crid-recepiciona-novos-bolsistas-do-projeto\/\" \/>\n<meta property=\"og:locale\" content=\"pt_BR\" \/>\n<meta property=\"og:type\" content=\"article\" \/>\n<meta property=\"og:title\" content=\"COM ALEGRIA, CRID RECEPCIONA OS NOVOS BOLSISTAS DO PROJETO - CRID: Uma proposta de Comunidades Digitais Rurais\" \/>\n<meta property=\"og:description\" content=\"Nesta ter\u00e7a-feira, 14, a equipe Crid recebeu os novos bolsistas que agora fazem parte do projeto. O momento contou com a presen\u00e7a do coordenador do projeto, Professor Herm\u00ednio Borges Neto, que falou brevemente sobre algumas a\u00e7\u00f5es desenvolvidas no Laborat\u00f3rio Multimeios. &hellip; Continue lendo &rarr;\" \/>\n<meta property=\"og:url\" content=\"https:\/\/blogs.multimeios.ufc.br\/crid\/2017\/03\/15\/crid-recepiciona-novos-bolsistas-do-projeto\/\" \/>\n<meta property=\"og:site_name\" content=\"CRID: Uma proposta de Comunidades Digitais Rurais\" \/>\n<meta property=\"article:published_time\" content=\"2017-03-15T16:14:33+00:00\" \/>\n<meta property=\"article:modified_time\" content=\"2017-03-15T20:50:44+00:00\" \/>\n<meta property=\"og:image\" content=\"https:\/\/blogs.multimeios.ufc.br\/crid\/files\/2017\/03\/IMG_0557-e1489611547915.jpg\" \/>\n\t<meta property=\"og:image:width\" content=\"4924\" \/>\n\t<meta property=\"og:image:height\" content=\"2954\" \/>\n\t<meta property=\"og:image:type\" content=\"image\/jpeg\" \/>\n<meta name=\"author\" content=\"jessica\" \/>\n<meta name=\"twitter:card\" content=\"summary_large_image\" \/>\n<meta name=\"twitter:label1\" content=\"Escrito por\" \/>\n\t<meta name=\"twitter:data1\" content=\"jessica\" \/>\n\t<meta name=\"twitter:label2\" content=\"Est. tempo de leitura\" \/>\n\t<meta name=\"twitter:data2\" content=\"1 minuto\" \/>\n<script type=\"application\/ld+json\" class=\"yoast-schema-graph\">{\"@context\":\"https:\\\/\\\/schema.org\",\"@graph\":[{\"@type\":\"Article\",\"@id\":\"https:\\\/\\\/blogs.multimeios.ufc.br\\\/crid\\\/2017\\\/03\\\/15\\\/crid-recepiciona-novos-bolsistas-do-projeto\\\/#article\",\"isPartOf\":{\"@id\":\"https:\\\/\\\/blogs.multimeios.ufc.br\\\/crid\\\/2017\\\/03\\\/15\\\/crid-recepiciona-novos-bolsistas-do-projeto\\\/\"},\"author\":{\"name\":\"jessica\",\"@id\":\"https:\\\/\\\/blogs.multimeios.ufc.br\\\/crid\\\/#\\\/schema\\\/person\\\/8a30a44fe333790fb2318d7377e4015e\"},\"headline\":\"COM ALEGRIA, CRID RECEPCIONA OS NOVOS BOLSISTAS DO PROJETO\",\"datePublished\":\"2017-03-15T16:14:33+00:00\",\"dateModified\":\"2017-03-15T20:50:44+00:00\",\"mainEntityOfPage\":{\"@id\":\"https:\\\/\\\/blogs.multimeios.ufc.br\\\/crid\\\/2017\\\/03\\\/15\\\/crid-recepiciona-novos-bolsistas-do-projeto\\\/\"},\"wordCount\":127,\"image\":{\"@id\":\"https:\\\/\\\/blogs.multimeios.ufc.br\\\/crid\\\/2017\\\/03\\\/15\\\/crid-recepiciona-novos-bolsistas-do-projeto\\\/#primaryimage\"},\"thumbnailUrl\":\"https:\\\/\\\/blogs.multimeios.ufc.br\\\/crid\\\/files\\\/2017\\\/03\\\/IMG_0557-e1489611547915.jpg\",\"inLanguage\":\"pt-BR\"},{\"@type\":\"WebPage\",\"@id\":\"https:\\\/\\\/blogs.multimeios.ufc.br\\\/crid\\\/2017\\\/03\\\/15\\\/crid-recepiciona-novos-bolsistas-do-projeto\\\/\",\"url\":\"https:\\\/\\\/blogs.multimeios.ufc.br\\\/crid\\\/2017\\\/03\\\/15\\\/crid-recepiciona-novos-bolsistas-do-projeto\\\/\",\"name\":\"COM ALEGRIA, CRID RECEPCIONA OS NOVOS BOLSISTAS DO PROJETO - CRID: Uma proposta de Comunidades Digitais Rurais\",\"isPartOf\":{\"@id\":\"https:\\\/\\\/blogs.multimeios.ufc.br\\\/crid\\\/#website\"},\"primaryImageOfPage\":{\"@id\":\"https:\\\/\\\/blogs.multimeios.ufc.br\\\/crid\\\/2017\\\/03\\\/15\\\/crid-recepiciona-novos-bolsistas-do-projeto\\\/#primaryimage\"},\"image\":{\"@id\":\"https:\\\/\\\/blogs.multimeios.ufc.br\\\/crid\\\/2017\\\/03\\\/15\\\/crid-recepiciona-novos-bolsistas-do-projeto\\\/#primaryimage\"},\"thumbnailUrl\":\"https:\\\/\\\/blogs.multimeios.ufc.br\\\/crid\\\/files\\\/2017\\\/03\\\/IMG_0557-e1489611547915.jpg\",\"datePublished\":\"2017-03-15T16:14:33+00:00\",\"dateModified\":\"2017-03-15T20:50:44+00:00\",\"author\":{\"@id\":\"https:\\\/\\\/blogs.multimeios.ufc.br\\\/crid\\\/#\\\/schema\\\/person\\\/8a30a44fe333790fb2318d7377e4015e\"},\"breadcrumb\":{\"@id\":\"https:\\\/\\\/blogs.multimeios.ufc.br\\\/crid\\\/2017\\\/03\\\/15\\\/crid-recepiciona-novos-bolsistas-do-projeto\\\/#breadcrumb\"},\"inLanguage\":\"pt-BR\",\"potentialAction\":[{\"@type\":\"ReadAction\",\"target\":[\"https:\\\/\\\/blogs.multimeios.ufc.br\\\/crid\\\/2017\\\/03\\\/15\\\/crid-recepiciona-novos-bolsistas-do-projeto\\\/\"]}]},{\"@type\":\"ImageObject\",\"inLanguage\":\"pt-BR\",\"@id\":\"https:\\\/\\\/blogs.multimeios.ufc.br\\\/crid\\\/2017\\\/03\\\/15\\\/crid-recepiciona-novos-bolsistas-do-projeto\\\/#primaryimage\",\"url\":\"https:\\\/\\\/blogs.multimeios.ufc.br\\\/crid\\\/files\\\/2017\\\/03\\\/IMG_0557-e1489611547915.jpg\",\"contentUrl\":\"https:\\\/\\\/blogs.multimeios.ufc.br\\\/crid\\\/files\\\/2017\\\/03\\\/IMG_0557-e1489611547915.jpg\",\"width\":4924,\"height\":2954},{\"@type\":\"BreadcrumbList\",\"@id\":\"https:\\\/\\\/blogs.multimeios.ufc.br\\\/crid\\\/2017\\\/03\\\/15\\\/crid-recepiciona-novos-bolsistas-do-projeto\\\/#breadcrumb\",\"itemListElement\":[{\"@type\":\"ListItem\",\"position\":1,\"name\":\"In\u00edcio\",\"item\":\"https:\\\/\\\/blogs.multimeios.ufc.br\\\/crid\\\/\"},{\"@type\":\"ListItem\",\"position\":2,\"name\":\"COM ALEGRIA, CRID RECEPCIONA OS NOVOS BOLSISTAS DO PROJETO\"}]},{\"@type\":\"WebSite\",\"@id\":\"https:\\\/\\\/blogs.multimeios.ufc.br\\\/crid\\\/#website\",\"url\":\"https:\\\/\\\/blogs.multimeios.ufc.br\\\/crid\\\/\",\"name\":\"CRID: Uma proposta de Comunidades Digitais Rurais\",\"description\":\"\",\"potentialAction\":[{\"@type\":\"SearchAction\",\"target\":{\"@type\":\"EntryPoint\",\"urlTemplate\":\"https:\\\/\\\/blogs.multimeios.ufc.br\\\/crid\\\/?s={search_term_string}\"},\"query-input\":{\"@type\":\"PropertyValueSpecification\",\"valueRequired\":true,\"valueName\":\"search_term_string\"}}],\"inLanguage\":\"pt-BR\"},{\"@type\":\"Person\",\"@id\":\"https:\\\/\\\/blogs.multimeios.ufc.br\\\/crid\\\/#\\\/schema\\\/person\\\/8a30a44fe333790fb2318d7377e4015e\",\"name\":\"jessica\",\"url\":\"https:\\\/\\\/blogs.multimeios.ufc.br\\\/crid\\\/author\\\/jessica\\\/\"}]}<\/script>\n<!-- \/ Yoast SEO plugin. -->","yoast_head_json":{"title":"COM ALEGRIA, CRID RECEPCIONA OS NOVOS BOLSISTAS DO PROJETO - CRID: Uma proposta de Comunidades Digitais Rurais","robots":{"index":"index","follow":"follow","max-snippet":"max-snippet:-1","max-image-preview":"max-image-preview:large","max-video-preview":"max-video-preview:-1"},"canonical":"https:\/\/blogs.multimeios.ufc.br\/crid\/2017\/03\/15\/crid-recepiciona-novos-bolsistas-do-projeto\/","og_locale":"pt_BR","og_type":"article","og_title":"COM ALEGRIA, CRID RECEPCIONA OS NOVOS BOLSISTAS DO PROJETO - CRID: Uma proposta de Comunidades Digitais Rurais","og_description":"Nesta ter\u00e7a-feira, 14, a equipe Crid recebeu os novos bolsistas que agora fazem parte do projeto. O momento contou com a presen\u00e7a do coordenador do projeto, Professor Herm\u00ednio Borges Neto, que falou brevemente sobre algumas a\u00e7\u00f5es desenvolvidas no Laborat\u00f3rio Multimeios. &hellip; Continue lendo &rarr;","og_url":"https:\/\/blogs.multimeios.ufc.br\/crid\/2017\/03\/15\/crid-recepiciona-novos-bolsistas-do-projeto\/","og_site_name":"CRID: Uma proposta de Comunidades Digitais Rurais","article_published_time":"2017-03-15T16:14:33+00:00","article_modified_time":"2017-03-15T20:50:44+00:00","og_image":[{"width":4924,"height":2954,"url":"https:\/\/blogs.multimeios.ufc.br\/crid\/files\/2017\/03\/IMG_0557-e1489611547915.jpg","type":"image\/jpeg"}],"author":"jessica","twitter_card":"summary_large_image","twitter_misc":{"Escrito por":"jessica","Est. tempo de leitura":"1 minuto"},"schema":{"@context":"https:\/\/schema.org","@graph":[{"@type":"Article","@id":"https:\/\/blogs.multimeios.ufc.br\/crid\/2017\/03\/15\/crid-recepiciona-novos-bolsistas-do-projeto\/#article","isPartOf":{"@id":"https:\/\/blogs.multimeios.ufc.br\/crid\/2017\/03\/15\/crid-recepiciona-novos-bolsistas-do-projeto\/"},"author":{"name":"jessica","@id":"https:\/\/blogs.multimeios.ufc.br\/crid\/#\/schema\/person\/8a30a44fe333790fb2318d7377e4015e"},"headline":"COM ALEGRIA, CRID RECEPCIONA OS NOVOS BOLSISTAS DO PROJETO","datePublished":"2017-03-15T16:14:33+00:00","dateModified":"2017-03-15T20:50:44+00:00","mainEntityOfPage":{"@id":"https:\/\/blogs.multimeios.ufc.br\/crid\/2017\/03\/15\/crid-recepiciona-novos-bolsistas-do-projeto\/"},"wordCount":127,"image":{"@id":"https:\/\/blogs.multimeios.ufc.br\/crid\/2017\/03\/15\/crid-recepiciona-novos-bolsistas-do-projeto\/#primaryimage"},"thumbnailUrl":"https:\/\/blogs.multimeios.ufc.br\/crid\/files\/2017\/03\/IMG_0557-e1489611547915.jpg","inLanguage":"pt-BR"},{"@type":"WebPage","@id":"https:\/\/blogs.multimeios.ufc.br\/crid\/2017\/03\/15\/crid-recepiciona-novos-bolsistas-do-projeto\/","url":"https:\/\/blogs.multimeios.ufc.br\/crid\/2017\/03\/15\/crid-recepiciona-novos-bolsistas-do-projeto\/","name":"COM ALEGRIA, CRID RECEPCIONA OS NOVOS BOLSISTAS DO PROJETO - CRID: Uma proposta de Comunidades Digitais Rurais","isPartOf":{"@id":"https:\/\/blogs.multimeios.ufc.br\/crid\/#website"},"primaryImageOfPage":{"@id":"https:\/\/blogs.multimeios.ufc.br\/crid\/2017\/03\/15\/crid-recepiciona-novos-bolsistas-do-projeto\/#primaryimage"},"image":{"@id":"https:\/\/blogs.multimeios.ufc.br\/crid\/2017\/03\/15\/crid-recepiciona-novos-bolsistas-do-projeto\/#primaryimage"},"thumbnailUrl":"https:\/\/blogs.multimeios.ufc.br\/crid\/files\/2017\/03\/IMG_0557-e1489611547915.jpg","datePublished":"2017-03-15T16:14:33+00:00","dateModified":"2017-03-15T20:50:44+00:00","author":{"@id":"https:\/\/blogs.multimeios.ufc.br\/crid\/#\/schema\/person\/8a30a44fe333790fb2318d7377e4015e"},"breadcrumb":{"@id":"https:\/\/blogs.multimeios.ufc.br\/crid\/2017\/03\/15\/crid-recepiciona-novos-bolsistas-do-projeto\/#breadcrumb"},"inLanguage":"pt-BR","potentialAction":[{"@type":"ReadAction","target":["https:\/\/blogs.multimeios.ufc.br\/crid\/2017\/03\/15\/crid-recepiciona-novos-bolsistas-do-projeto\/"]}]},{"@type":"ImageObject","inLanguage":"pt-BR","@id":"https:\/\/blogs.multimeios.ufc.br\/crid\/2017\/03\/15\/crid-recepiciona-novos-bolsistas-do-projeto\/#primaryimage","url":"https:\/\/blogs.multimeios.ufc.br\/crid\/files\/2017\/03\/IMG_0557-e1489611547915.jpg","contentUrl":"https:\/\/blogs.multimeios.ufc.br\/crid\/files\/2017\/03\/IMG_0557-e1489611547915.jpg","width":4924,"height":2954},{"@type":"BreadcrumbList","@id":"https:\/\/blogs.multimeios.ufc.br\/crid\/2017\/03\/15\/crid-recepiciona-novos-bolsistas-do-projeto\/#breadcrumb","itemListElement":[{"@type":"ListItem","position":1,"name":"In\u00edcio","item":"https:\/\/blogs.multimeios.ufc.br\/crid\/"},{"@type":"ListItem","position":2,"name":"COM ALEGRIA, CRID RECEPCIONA OS NOVOS BOLSISTAS DO PROJETO"}]},{"@type":"WebSite","@id":"https:\/\/blogs.multimeios.ufc.br\/crid\/#website","url":"https:\/\/blogs.multimeios.ufc.br\/crid\/","name":"CRID: Uma proposta de Comunidades Digitais Rurais","description":"","potentialAction":[{"@type":"SearchAction","target":{"@type":"EntryPoint","urlTemplate":"https:\/\/blogs.multimeios.ufc.br\/crid\/?s={search_term_string}"},"query-input":{"@type":"PropertyValueSpecification","valueRequired":true,"valueName":"search_term_string"}}],"inLanguage":"pt-BR"},{"@type":"Person","@id":"https:\/\/blogs.multimeios.ufc.br\/crid\/#\/schema\/person\/8a30a44fe333790fb2318d7377e4015e","name":"jessica","url":"https:\/\/blogs.multimeios.ufc.br\/crid\/author\/jessica\/"}]}},"_links":{"self":[{"href":"https:\/\/blogs.multimeios.ufc.br\/crid\/wp-json\/wp\/v2\/posts\/798","targetHints":{"allow":["GET"]}}],"collection":[{"href":"https:\/\/blogs.multimeios.ufc.br\/crid\/wp-json\/wp\/v2\/posts"}],"about":[{"href":"https:\/\/blogs.multimeios.ufc.br\/crid\/wp-json\/wp\/v2\/types\/post"}],"author":[{"embeddable":true,"href":"https:\/\/blogs.multimeios.ufc.br\/crid\/wp-json\/wp\/v2\/users\/10"}],"replies":[{"embeddable":true,"href":"https:\/\/blogs.multimeios.ufc.br\/crid\/wp-json\/wp\/v2\/comments?post=798"}],"version-history":[{"count":2,"href":"https:\/\/blogs.multimeios.ufc.br\/crid\/wp-json\/wp\/v2\/posts\/798\/revisions"}],"predecessor-version":[{"id":804,"href":"https:\/\/blogs.multimeios.ufc.br\/crid\/wp-json\/wp\/v2\/posts\/798\/revisions\/804"}],"wp:featuredmedia":[{"embeddable":true,"href":"https:\/\/blogs.multimeios.ufc.br\/crid\/wp-json\/wp\/v2\/media\/802"}],"wp:attachment":[{"href":"https:\/\/blogs.multimeios.ufc.br\/crid\/wp-json\/wp\/v2\/media?parent=798"}],"wp:term":[{"taxonomy":"category","embeddable":true,"href":"https:\/\/blogs.multimeios.ufc.br\/crid\/wp-json\/wp\/v2\/categories?post=798"},{"taxonomy":"post_tag","embeddable":true,"href":"https:\/\/blogs.multimeios.ufc.br\/crid\/wp-json\/wp\/v2\/tags?post=798"}],"curies":[{"name":"wp","href":"https:\/\/api.w.org\/{rel}","templated":true}]}}