{"id":1,"date":"2025-01-17T17:36:18","date_gmt":"2025-01-17T20:36:18","guid":{"rendered":"http:\/\/blogs.multimeios.ufc.br\/dalmarioheitorabreu\/?p=1"},"modified":"2025-01-17T21:28:45","modified_gmt":"2025-01-18T00:28:45","slug":"ola-mundo","status":"publish","type":"post","link":"https:\/\/blogs.multimeios.ufc.br\/dalmarioheitorabreu\/2025\/01\/17\/ola-mundo\/","title":{"rendered":"Ol\u00e1! Tudo bem?"},"content":{"rendered":"\n<p class=\"has-text-align-left\">Este blog tem por objetivo compartilhar o e-book relativo \u00e0 <a href=\"http:\/\/repositorio.ufc.br\/handle\/riufc\/70886\" target=\"_blank\" rel=\"noreferrer noopener\">tese de doutorado<\/a> de <a href=\"http:\/\/lattes.cnpq.br\/3160803277141078\" target=\"_blank\" rel=\"noreferrer noopener\">Dalm\u00e1rio Heitor Miranda de Abreu<\/a>, apresentada ao Programa de P\u00f3s-Gradua\u00e7\u00e3o em Educa\u00e7\u00e3o da Universidade Federal do Cear\u00e1 e publicada em 2023, sob orienta\u00e7\u00e3o de <a href=\"http:\/\/lattes.cnpq.br\/7436001421675280\" target=\"_blank\" rel=\"noreferrer noopener\">Osterne Nonato Maia Filho<\/a> e coorienta\u00e7\u00e3o de <a href=\"http:\/\/lattes.cnpq.br\/8742258860132699\" target=\"_blank\" rel=\"noreferrer noopener\">Valdemarin Coelho Gomes<\/a>. <\/p>\n\n\n\n<p class=\"has-text-align-right\"><em>\u201c<strong>Esta tese existe porque o ser humano n\u00e3o se v\u00ea como<br>ele \u00e9, ent\u00e3o ele se idealiza buscando produzir as<br>coisas para provar sua exist\u00eancia com ess\u00eancia\u201d<br>(ABREU, 2022).<\/strong><\/em><\/p>\n\n\n\n<p class=\"has-text-align-right\"><a href=\"http:\/\/blogs.multimeios.ufc.br\/dalmarioheitorabreu\/pagina-exemplo\/\">Pr\u00f3xima \ud83e\udca1<\/a><\/p>\n","protected":false},"excerpt":{"rendered":"<p>Este blog tem por objetivo compartilhar o e-book relativo \u00e0 tese de doutorado de Dalm\u00e1rio Heitor Miranda de Abreu, apresentada ao Programa de P\u00f3s-Gradua\u00e7\u00e3o em Educa\u00e7\u00e3o da Universidade Federal do Cear\u00e1 e publicada em 2023, sob orienta\u00e7\u00e3o de Osterne Nonato &hellip; <a href=\"https:\/\/blogs.multimeios.ufc.br\/dalmarioheitorabreu\/2025\/01\/17\/ola-mundo\/\">Continue lendo <span class=\"meta-nav\">&rarr;<\/span><\/a><\/p>\n","protected":false},"author":27,"featured_media":0,"comment_status":"open","ping_status":"open","sticky":false,"template":"","format":"standard","meta":{"footnotes":""},"categories":[1],"tags":[],"class_list":["post-1","post","type-post","status-publish","format-standard","hentry","category-sem-categoria"],"yoast_head":"<!-- This site is optimized with the Yoast SEO plugin v27.5 - https:\/\/yoast.com\/product\/yoast-seo-wordpress\/ -->\n<title>Ol\u00e1! Tudo bem? - Pol\u00edticas P\u00fablicas Educacionais e implica\u00e7\u00f5es do Sistema Permanente de Avalia\u00e7\u00e3o da Educa\u00e7\u00e3o B\u00e1sica do Cear\u00e1 (SPAECE) para a forma\u00e7\u00e3o do professor de Matem\u00e1tica<\/title>\n<meta name=\"robots\" content=\"index, follow, max-snippet:-1, max-image-preview:large, max-video-preview:-1\" \/>\n<link rel=\"canonical\" href=\"https:\/\/blogs.multimeios.ufc.br\/dalmarioheitorabreu\/2025\/01\/17\/ola-mundo\/\" \/>\n<meta property=\"og:locale\" content=\"pt_BR\" \/>\n<meta property=\"og:type\" content=\"article\" \/>\n<meta property=\"og:title\" content=\"Ol\u00e1! Tudo bem? - Pol\u00edticas P\u00fablicas Educacionais e implica\u00e7\u00f5es do Sistema Permanente de Avalia\u00e7\u00e3o da Educa\u00e7\u00e3o B\u00e1sica do Cear\u00e1 (SPAECE) para a forma\u00e7\u00e3o do professor de Matem\u00e1tica\" \/>\n<meta property=\"og:description\" content=\"Este blog tem por objetivo compartilhar o e-book relativo \u00e0 tese de doutorado de Dalm\u00e1rio Heitor Miranda de Abreu, apresentada ao Programa de P\u00f3s-Gradua\u00e7\u00e3o em Educa\u00e7\u00e3o da Universidade Federal do Cear\u00e1 e publicada em 2023, sob orienta\u00e7\u00e3o de Osterne Nonato &hellip; Continue lendo &rarr;\" \/>\n<meta property=\"og:url\" content=\"https:\/\/blogs.multimeios.ufc.br\/dalmarioheitorabreu\/2025\/01\/17\/ola-mundo\/\" \/>\n<meta property=\"og:site_name\" content=\"Pol\u00edticas P\u00fablicas Educacionais e implica\u00e7\u00f5es do Sistema Permanente de Avalia\u00e7\u00e3o da Educa\u00e7\u00e3o B\u00e1sica do Cear\u00e1 (SPAECE) para a forma\u00e7\u00e3o do professor de Matem\u00e1tica\" \/>\n<meta property=\"article:published_time\" content=\"2025-01-17T20:36:18+00:00\" \/>\n<meta property=\"article:modified_time\" content=\"2025-01-18T00:28:45+00:00\" \/>\n<meta name=\"author\" content=\"gabrielleandradep\" \/>\n<meta name=\"twitter:card\" content=\"summary_large_image\" \/>\n<meta name=\"twitter:label1\" content=\"Escrito por\" \/>\n\t<meta name=\"twitter:data1\" content=\"gabrielleandradep\" \/>\n\t<meta name=\"twitter:label2\" content=\"Est. tempo de leitura\" \/>\n\t<meta name=\"twitter:data2\" content=\"1 minuto\" \/>\n<script type=\"application\/ld+json\" class=\"yoast-schema-graph\">{\"@context\":\"https:\\\/\\\/schema.org\",\"@graph\":[{\"@type\":\"Article\",\"@id\":\"https:\\\/\\\/blogs.multimeios.ufc.br\\\/dalmarioheitorabreu\\\/2025\\\/01\\\/17\\\/ola-mundo\\\/#article\",\"isPartOf\":{\"@id\":\"https:\\\/\\\/blogs.multimeios.ufc.br\\\/dalmarioheitorabreu\\\/2025\\\/01\\\/17\\\/ola-mundo\\\/\"},\"author\":{\"name\":\"gabrielleandradep\",\"@id\":\"https:\\\/\\\/blogs.multimeios.ufc.br\\\/dalmarioheitorabreu\\\/#\\\/schema\\\/person\\\/a8993af2d33bd219a41701acfa93e52d\"},\"headline\":\"Ol\u00e1! Tudo bem?\",\"datePublished\":\"2025-01-17T20:36:18+00:00\",\"dateModified\":\"2025-01-18T00:28:45+00:00\",\"mainEntityOfPage\":{\"@id\":\"https:\\\/\\\/blogs.multimeios.ufc.br\\\/dalmarioheitorabreu\\\/2025\\\/01\\\/17\\\/ola-mundo\\\/\"},\"wordCount\":86,\"commentCount\":0,\"inLanguage\":\"pt-BR\",\"potentialAction\":[{\"@type\":\"CommentAction\",\"name\":\"Comment\",\"target\":[\"https:\\\/\\\/blogs.multimeios.ufc.br\\\/dalmarioheitorabreu\\\/2025\\\/01\\\/17\\\/ola-mundo\\\/#respond\"]}]},{\"@type\":\"WebPage\",\"@id\":\"https:\\\/\\\/blogs.multimeios.ufc.br\\\/dalmarioheitorabreu\\\/2025\\\/01\\\/17\\\/ola-mundo\\\/\",\"url\":\"https:\\\/\\\/blogs.multimeios.ufc.br\\\/dalmarioheitorabreu\\\/2025\\\/01\\\/17\\\/ola-mundo\\\/\",\"name\":\"Ol\u00e1! Tudo bem? - Pol\u00edticas P\u00fablicas Educacionais e implica\u00e7\u00f5es do Sistema Permanente de Avalia\u00e7\u00e3o da Educa\u00e7\u00e3o B\u00e1sica do Cear\u00e1 (SPAECE) para a forma\u00e7\u00e3o do professor de Matem\u00e1tica\",\"isPartOf\":{\"@id\":\"https:\\\/\\\/blogs.multimeios.ufc.br\\\/dalmarioheitorabreu\\\/#website\"},\"datePublished\":\"2025-01-17T20:36:18+00:00\",\"dateModified\":\"2025-01-18T00:28:45+00:00\",\"author\":{\"@id\":\"https:\\\/\\\/blogs.multimeios.ufc.br\\\/dalmarioheitorabreu\\\/#\\\/schema\\\/person\\\/a8993af2d33bd219a41701acfa93e52d\"},\"breadcrumb\":{\"@id\":\"https:\\\/\\\/blogs.multimeios.ufc.br\\\/dalmarioheitorabreu\\\/2025\\\/01\\\/17\\\/ola-mundo\\\/#breadcrumb\"},\"inLanguage\":\"pt-BR\",\"potentialAction\":[{\"@type\":\"ReadAction\",\"target\":[\"https:\\\/\\\/blogs.multimeios.ufc.br\\\/dalmarioheitorabreu\\\/2025\\\/01\\\/17\\\/ola-mundo\\\/\"]}]},{\"@type\":\"BreadcrumbList\",\"@id\":\"https:\\\/\\\/blogs.multimeios.ufc.br\\\/dalmarioheitorabreu\\\/2025\\\/01\\\/17\\\/ola-mundo\\\/#breadcrumb\",\"itemListElement\":[{\"@type\":\"ListItem\",\"position\":1,\"name\":\"In\u00edcio\",\"item\":\"https:\\\/\\\/blogs.multimeios.ufc.br\\\/dalmarioheitorabreu\\\/\"},{\"@type\":\"ListItem\",\"position\":2,\"name\":\"Ol\u00e1! Tudo bem?\"}]},{\"@type\":\"WebSite\",\"@id\":\"https:\\\/\\\/blogs.multimeios.ufc.br\\\/dalmarioheitorabreu\\\/#website\",\"url\":\"https:\\\/\\\/blogs.multimeios.ufc.br\\\/dalmarioheitorabreu\\\/\",\"name\":\"Pol\u00edticas P\u00fablicas Educacionais e implica\u00e7\u00f5es do Sistema Permanente de Avalia\u00e7\u00e3o da Educa\u00e7\u00e3o B\u00e1sica do Cear\u00e1 (SPAECE) para a forma\u00e7\u00e3o do professor de Matem\u00e1tica\",\"description\":\"E-book relativo \u00e0 tese de doutorado de Dalm\u00e1rio Heitor Miranda de Abreu.\",\"potentialAction\":[{\"@type\":\"SearchAction\",\"target\":{\"@type\":\"EntryPoint\",\"urlTemplate\":\"https:\\\/\\\/blogs.multimeios.ufc.br\\\/dalmarioheitorabreu\\\/?s={search_term_string}\"},\"query-input\":{\"@type\":\"PropertyValueSpecification\",\"valueRequired\":true,\"valueName\":\"search_term_string\"}}],\"inLanguage\":\"pt-BR\"},{\"@type\":\"Person\",\"@id\":\"https:\\\/\\\/blogs.multimeios.ufc.br\\\/dalmarioheitorabreu\\\/#\\\/schema\\\/person\\\/a8993af2d33bd219a41701acfa93e52d\",\"name\":\"gabrielleandradep\",\"image\":{\"@type\":\"ImageObject\",\"inLanguage\":\"pt-BR\",\"@id\":\"https:\\\/\\\/secure.gravatar.com\\\/avatar\\\/01a7ae1eb3846cae80bff38ccf5f249ee601c3439d0e7d84a189cf90b75600a4?s=96&d=mm&r=g\",\"url\":\"https:\\\/\\\/secure.gravatar.com\\\/avatar\\\/01a7ae1eb3846cae80bff38ccf5f249ee601c3439d0e7d84a189cf90b75600a4?s=96&d=mm&r=g\",\"contentUrl\":\"https:\\\/\\\/secure.gravatar.com\\\/avatar\\\/01a7ae1eb3846cae80bff38ccf5f249ee601c3439d0e7d84a189cf90b75600a4?s=96&d=mm&r=g\",\"caption\":\"gabrielleandradep\"},\"url\":\"https:\\\/\\\/blogs.multimeios.ufc.br\\\/dalmarioheitorabreu\\\/author\\\/gabrielle24\\\/\"}]}<\/script>\n<!-- \/ Yoast SEO plugin. -->","yoast_head_json":{"title":"Ol\u00e1! Tudo bem? - Pol\u00edticas P\u00fablicas Educacionais e implica\u00e7\u00f5es do Sistema Permanente de Avalia\u00e7\u00e3o da Educa\u00e7\u00e3o B\u00e1sica do Cear\u00e1 (SPAECE) para a forma\u00e7\u00e3o do professor de Matem\u00e1tica","robots":{"index":"index","follow":"follow","max-snippet":"max-snippet:-1","max-image-preview":"max-image-preview:large","max-video-preview":"max-video-preview:-1"},"canonical":"https:\/\/blogs.multimeios.ufc.br\/dalmarioheitorabreu\/2025\/01\/17\/ola-mundo\/","og_locale":"pt_BR","og_type":"article","og_title":"Ol\u00e1! Tudo bem? - Pol\u00edticas P\u00fablicas Educacionais e implica\u00e7\u00f5es do Sistema Permanente de Avalia\u00e7\u00e3o da Educa\u00e7\u00e3o B\u00e1sica do Cear\u00e1 (SPAECE) para a forma\u00e7\u00e3o do professor de Matem\u00e1tica","og_description":"Este blog tem por objetivo compartilhar o e-book relativo \u00e0 tese de doutorado de Dalm\u00e1rio Heitor Miranda de Abreu, apresentada ao Programa de P\u00f3s-Gradua\u00e7\u00e3o em Educa\u00e7\u00e3o da Universidade Federal do Cear\u00e1 e publicada em 2023, sob orienta\u00e7\u00e3o de Osterne Nonato &hellip; Continue lendo &rarr;","og_url":"https:\/\/blogs.multimeios.ufc.br\/dalmarioheitorabreu\/2025\/01\/17\/ola-mundo\/","og_site_name":"Pol\u00edticas P\u00fablicas Educacionais e implica\u00e7\u00f5es do Sistema Permanente de Avalia\u00e7\u00e3o da Educa\u00e7\u00e3o B\u00e1sica do Cear\u00e1 (SPAECE) para a forma\u00e7\u00e3o do professor de Matem\u00e1tica","article_published_time":"2025-01-17T20:36:18+00:00","article_modified_time":"2025-01-18T00:28:45+00:00","author":"gabrielleandradep","twitter_card":"summary_large_image","twitter_misc":{"Escrito por":"gabrielleandradep","Est. tempo de leitura":"1 minuto"},"schema":{"@context":"https:\/\/schema.org","@graph":[{"@type":"Article","@id":"https:\/\/blogs.multimeios.ufc.br\/dalmarioheitorabreu\/2025\/01\/17\/ola-mundo\/#article","isPartOf":{"@id":"https:\/\/blogs.multimeios.ufc.br\/dalmarioheitorabreu\/2025\/01\/17\/ola-mundo\/"},"author":{"name":"gabrielleandradep","@id":"https:\/\/blogs.multimeios.ufc.br\/dalmarioheitorabreu\/#\/schema\/person\/a8993af2d33bd219a41701acfa93e52d"},"headline":"Ol\u00e1! Tudo bem?","datePublished":"2025-01-17T20:36:18+00:00","dateModified":"2025-01-18T00:28:45+00:00","mainEntityOfPage":{"@id":"https:\/\/blogs.multimeios.ufc.br\/dalmarioheitorabreu\/2025\/01\/17\/ola-mundo\/"},"wordCount":86,"commentCount":0,"inLanguage":"pt-BR","potentialAction":[{"@type":"CommentAction","name":"Comment","target":["https:\/\/blogs.multimeios.ufc.br\/dalmarioheitorabreu\/2025\/01\/17\/ola-mundo\/#respond"]}]},{"@type":"WebPage","@id":"https:\/\/blogs.multimeios.ufc.br\/dalmarioheitorabreu\/2025\/01\/17\/ola-mundo\/","url":"https:\/\/blogs.multimeios.ufc.br\/dalmarioheitorabreu\/2025\/01\/17\/ola-mundo\/","name":"Ol\u00e1! Tudo bem? - Pol\u00edticas P\u00fablicas Educacionais e implica\u00e7\u00f5es do Sistema Permanente de Avalia\u00e7\u00e3o da Educa\u00e7\u00e3o B\u00e1sica do Cear\u00e1 (SPAECE) para a forma\u00e7\u00e3o do professor de Matem\u00e1tica","isPartOf":{"@id":"https:\/\/blogs.multimeios.ufc.br\/dalmarioheitorabreu\/#website"},"datePublished":"2025-01-17T20:36:18+00:00","dateModified":"2025-01-18T00:28:45+00:00","author":{"@id":"https:\/\/blogs.multimeios.ufc.br\/dalmarioheitorabreu\/#\/schema\/person\/a8993af2d33bd219a41701acfa93e52d"},"breadcrumb":{"@id":"https:\/\/blogs.multimeios.ufc.br\/dalmarioheitorabreu\/2025\/01\/17\/ola-mundo\/#breadcrumb"},"inLanguage":"pt-BR","potentialAction":[{"@type":"ReadAction","target":["https:\/\/blogs.multimeios.ufc.br\/dalmarioheitorabreu\/2025\/01\/17\/ola-mundo\/"]}]},{"@type":"BreadcrumbList","@id":"https:\/\/blogs.multimeios.ufc.br\/dalmarioheitorabreu\/2025\/01\/17\/ola-mundo\/#breadcrumb","itemListElement":[{"@type":"ListItem","position":1,"name":"In\u00edcio","item":"https:\/\/blogs.multimeios.ufc.br\/dalmarioheitorabreu\/"},{"@type":"ListItem","position":2,"name":"Ol\u00e1! Tudo bem?"}]},{"@type":"WebSite","@id":"https:\/\/blogs.multimeios.ufc.br\/dalmarioheitorabreu\/#website","url":"https:\/\/blogs.multimeios.ufc.br\/dalmarioheitorabreu\/","name":"Pol\u00edticas P\u00fablicas Educacionais e implica\u00e7\u00f5es do Sistema Permanente de Avalia\u00e7\u00e3o da Educa\u00e7\u00e3o B\u00e1sica do Cear\u00e1 (SPAECE) para a forma\u00e7\u00e3o do professor de Matem\u00e1tica","description":"E-book relativo \u00e0 tese de doutorado de Dalm\u00e1rio Heitor Miranda de Abreu.","potentialAction":[{"@type":"SearchAction","target":{"@type":"EntryPoint","urlTemplate":"https:\/\/blogs.multimeios.ufc.br\/dalmarioheitorabreu\/?s={search_term_string}"},"query-input":{"@type":"PropertyValueSpecification","valueRequired":true,"valueName":"search_term_string"}}],"inLanguage":"pt-BR"},{"@type":"Person","@id":"https:\/\/blogs.multimeios.ufc.br\/dalmarioheitorabreu\/#\/schema\/person\/a8993af2d33bd219a41701acfa93e52d","name":"gabrielleandradep","image":{"@type":"ImageObject","inLanguage":"pt-BR","@id":"https:\/\/secure.gravatar.com\/avatar\/01a7ae1eb3846cae80bff38ccf5f249ee601c3439d0e7d84a189cf90b75600a4?s=96&d=mm&r=g","url":"https:\/\/secure.gravatar.com\/avatar\/01a7ae1eb3846cae80bff38ccf5f249ee601c3439d0e7d84a189cf90b75600a4?s=96&d=mm&r=g","contentUrl":"https:\/\/secure.gravatar.com\/avatar\/01a7ae1eb3846cae80bff38ccf5f249ee601c3439d0e7d84a189cf90b75600a4?s=96&d=mm&r=g","caption":"gabrielleandradep"},"url":"https:\/\/blogs.multimeios.ufc.br\/dalmarioheitorabreu\/author\/gabrielle24\/"}]}},"_links":{"self":[{"href":"https:\/\/blogs.multimeios.ufc.br\/dalmarioheitorabreu\/wp-json\/wp\/v2\/posts\/1","targetHints":{"allow":["GET"]}}],"collection":[{"href":"https:\/\/blogs.multimeios.ufc.br\/dalmarioheitorabreu\/wp-json\/wp\/v2\/posts"}],"about":[{"href":"https:\/\/blogs.multimeios.ufc.br\/dalmarioheitorabreu\/wp-json\/wp\/v2\/types\/post"}],"author":[{"embeddable":true,"href":"https:\/\/blogs.multimeios.ufc.br\/dalmarioheitorabreu\/wp-json\/wp\/v2\/users\/27"}],"replies":[{"embeddable":true,"href":"https:\/\/blogs.multimeios.ufc.br\/dalmarioheitorabreu\/wp-json\/wp\/v2\/comments?post=1"}],"version-history":[{"count":6,"href":"https:\/\/blogs.multimeios.ufc.br\/dalmarioheitorabreu\/wp-json\/wp\/v2\/posts\/1\/revisions"}],"predecessor-version":[{"id":57,"href":"https:\/\/blogs.multimeios.ufc.br\/dalmarioheitorabreu\/wp-json\/wp\/v2\/posts\/1\/revisions\/57"}],"wp:attachment":[{"href":"https:\/\/blogs.multimeios.ufc.br\/dalmarioheitorabreu\/wp-json\/wp\/v2\/media?parent=1"}],"wp:term":[{"taxonomy":"category","embeddable":true,"href":"https:\/\/blogs.multimeios.ufc.br\/dalmarioheitorabreu\/wp-json\/wp\/v2\/categories?post=1"},{"taxonomy":"post_tag","embeddable":true,"href":"https:\/\/blogs.multimeios.ufc.br\/dalmarioheitorabreu\/wp-json\/wp\/v2\/tags?post=1"}],"curies":[{"name":"wp","href":"https:\/\/api.w.org\/{rel}","templated":true}]}}