{"id":23,"date":"2021-02-04T20:53:18","date_gmt":"2021-02-04T23:53:18","guid":{"rendered":"http:\/\/blogs.multimeios.ufc.br\/dossieformacao\/?p=23"},"modified":"2021-02-25T18:55:16","modified_gmt":"2021-02-25T21:55:16","slug":"1-1-costuras-iniciais-para-implementar-duas-proposicoes-de-pesquisas-pos-doutorado-colaborativas-e-cooperativas","status":"publish","type":"post","link":"https:\/\/blogs.multimeios.ufc.br\/dossieformacao\/2021\/02\/04\/1-1-costuras-iniciais-para-implementar-duas-proposicoes-de-pesquisas-pos-doutorado-colaborativas-e-cooperativas\/","title":{"rendered":"1.1 &#8211; Costuras iniciais para implementar duas proposi\u00e7\u00f5es de pesquisas de p\u00f3s-doutorado colaborativas e cooperativas"},"content":{"rendered":"\n<figure class=\"wp-block-image is-style-default\"><img decoding=\"async\" src=\"https:\/\/lh6.googleusercontent.com\/pxzj1aPtN6bbS_pPThV-7h0OT9mpVGLf7LybFtmoKbLZdaUaGLvMwbYyDS7oNkhdP7mE8kdffyD9U6S6ApzQOHSeqJ5sGmcIMuoYRCUWfImpj_aPtoKlGYCpGxIbLapWY93QdoCU\" alt=\"\" \/><figcaption>Fonte: &#8220;Novelo&#8221; by rdenubila is licensed with CC BY-SA 2.0. To view a copy of this license, visit https:\/\/creativecommons.org\/licenses\/by-sa\/2.0\/<\/figcaption><\/figure>\n\n\n\n<p>Implementar propostas coletivas de desenvolvimento de pesquisas de p\u00f3s Doutorado, em um formato colaborativo, n\u00e3o nos parece uma tradi\u00e7\u00e3o das ci\u00eancias. Pelo menos, na PPGE da Faced, n\u00e3o encontramos nenhum trabalho que apontasse para essas perspectivas: duas pedagogas\/pesquisadoras, com objetos de pesquisa diferenciados, com&nbsp; um mesmo orientador, com outra professora\/pedagoga ao lado, como coordenadora das a\u00e7\u00f5es. Foi assim que esses projetos nasceram logo naquele in\u00edcio de 2020, exatamente no <a href=\"https:\/\/www.youtube.com\/watch?v=H8zbYY41Vus\" target=\"_blank\" rel=\"noreferrer noopener\">ano em que o mundo parou (\u00e0 la Raul Seixas<\/a>), com muitos desejos em colaborar com a educa\u00e7\u00e3o do Cear\u00e1, qui\u00e7\u00e1 do mundo\u2026<\/p>\n\n\n\n<p>De uma pesquisa, um deslocamento ainda com a Equipe at\u00e9 o Campus das Auroras naquele novembro de 2019, sa\u00edmos com tudo acordado para uma forma\u00e7\u00e3o com professores de matem\u00e1tica da UNILAB. Do outro, um plano para desenvolvermos uma forma\u00e7\u00e3o para docentes do Laborat\u00f3rio de Pol\u00edticas P\u00fablicas da UFC. Muitos encontros, rodas de conversas, caf\u00e9, \u00e1gua, novos encontros ao cair da tarde no Laborat\u00f3rio Pesquisa Multimeios. O ano virou, as aulas iniciaram e os projetos foram apresentados ao Programa de P\u00f3s-Gradua\u00e7\u00e3o em Educa\u00e7\u00e3o Brasileira, com propostas distintas, mas relacionadas ao mesmo fio condutor. Em mar\u00e7o de 2020, recebemos a not\u00edcia da deflagra\u00e7\u00e3o da pandemia no mundo inteiro\u2026 E agora?<\/p>\n\n\n\n<p><a href=\"https:\/\/www.youtube.com\/watch?v=BXWv-ZD0CGU\" target=\"_blank\" rel=\"noreferrer noopener\">Mudan\u00e7as foram tecidas e modificaram as tramas desses tecidos formativos.<\/a> O mundo inteiro vivia seus estranhamentos com o confinamento social, implicando novos modos de ser e estar em sociedade. E n\u00f3s, que cotidianamente nos deslocamos ao Laborat\u00f3rio Multimeios, tamb\u00e9m nos sent\u00edamos desafiados a viver a virtualidade desse espa\u00e7o formativo, na pr\u00e1tica, nos territ\u00f3rios de redes, ainda mais que estando todos n\u00f3s na terra das \u201credes\u201d, tecidas, fiadas ancestralmente. Esse era o real que t\u00ednhamos\u2026 A partir da\u00ed, iniciamos as articula\u00e7\u00f5es com a equipe formadora para juntar-se ao grupo. Assim, convidamos os\/as pesquisadores\/as das duas grandes \u00e1reas de atua\u00e7\u00e3o do Multimeios, quer seja, a educa\u00e7\u00e3o matem\u00e1tica e <a rel=\"noreferrer noopener\" href=\"http:\/\/blogs.multimeios.ufc.br\/wp-content\/blogs.dir\/33\/files\/2020\/11\/1999_art_hborgesneto.pdf\" target=\"_blank\">inform\u00e1tica educativa<\/a>. E, assim, historicamente nos lan\u00e7amos nessa aventura de um fazer virtual colaborativo, cooperativo com \u00e1reas de matrizes distintas.&nbsp;&nbsp;&nbsp;<\/p>\n\n\n\n<p>Tecendo redes formativas: O Laborat\u00f3rio Multimeios e suas conex\u00f5es<\/p>\n\n\n\n<p><\/p>\n\n\n\n<figure class=\"wp-block-embed is-type-video is-provider-youtube wp-block-embed-youtube wp-embed-aspect-16-9 wp-has-aspect-ratio\"><div class=\"wp-block-embed__wrapper\">\n<iframe title=\"Canad\u00e1, Cear\u00e1, Fortaleza, Unilab   Campus das Auroras, Reden\u00e7\u00e3o, Barreira, Cedro e Quixeramobim\" width=\"660\" height=\"371\" src=\"https:\/\/www.youtube.com\/embed\/DocLrtcQyj4?feature=oembed\" frameborder=\"0\" allow=\"accelerometer; autoplay; clipboard-write; encrypted-media; gyroscope; picture-in-picture; web-share\" referrerpolicy=\"strict-origin-when-cross-origin\" allowfullscreen><\/iframe>\n<\/div><\/figure>\n\n\n\n<p><\/p>\n\n\n\n<div class=\"wp-block-image is-style-default\"><figure class=\"alignright is-resized\"><img decoding=\"async\" src=\"http:\/\/blogs.multimeios.ufc.br\/dossieformacao\/files\/2021\/02\/Fedathinho.png\" alt=\"Esta imagem possu\u00ed um atributo alt vazio; O nome do arquivo \u00e9 Fedathinho.png\" width=\"142\" height=\"142\" \/><\/figure><\/div>\n","protected":false},"excerpt":{"rendered":"<p>Implementar propostas coletivas de desenvolvimento de pesquisas de p\u00f3s Doutorado, em um formato colaborativo, n\u00e3o nos parece uma tradi\u00e7\u00e3o das ci\u00eancias. Pelo menos, na PPGE da Faced, n\u00e3o encontramos nenhum trabalho que apontasse para essas perspectivas: duas pedagogas\/pesquisadoras, com objetos de pesquisa diferenciados, com&nbsp; um mesmo orientador, com outra professora\/pedagoga ao lado, como coordenadora das &hellip; <a href=\"https:\/\/blogs.multimeios.ufc.br\/dossieformacao\/2021\/02\/04\/1-1-costuras-iniciais-para-implementar-duas-proposicoes-de-pesquisas-pos-doutorado-colaborativas-e-cooperativas\/\" class=\"more-link\">Continuar lendo <span class=\"screen-reader-text\">1.1 &#8211; Costuras iniciais para implementar duas proposi\u00e7\u00f5es de pesquisas de p\u00f3s-doutorado colaborativas e cooperativas<\/span><\/a><\/p>\n","protected":false},"author":25,"featured_media":591,"comment_status":"open","ping_status":"open","sticky":false,"template":"","format":"standard","meta":{"footnotes":""},"categories":[1],"tags":[],"class_list":["post-23","post","type-post","status-publish","format-standard","has-post-thumbnail","hentry","category-sem-categoria"],"yoast_head":"<!-- This site is optimized with the Yoast SEO plugin v27.4 - https:\/\/yoast.com\/product\/yoast-seo-wordpress\/ -->\n<title>1.1 - Costuras iniciais para implementar duas proposi\u00e7\u00f5es de pesquisas de p\u00f3s-doutorado colaborativas e cooperativas - Dossi\u00ea do Ciclo de Forma\u00e7\u00e3o Multimeios<\/title>\n<meta name=\"robots\" content=\"index, follow, max-snippet:-1, max-image-preview:large, max-video-preview:-1\" \/>\n<link rel=\"canonical\" href=\"https:\/\/blogs.multimeios.ufc.br\/dossieformacao\/2021\/02\/04\/1-1-costuras-iniciais-para-implementar-duas-proposicoes-de-pesquisas-pos-doutorado-colaborativas-e-cooperativas\/\" \/>\n<meta property=\"og:locale\" content=\"pt_BR\" \/>\n<meta property=\"og:type\" content=\"article\" \/>\n<meta property=\"og:title\" content=\"1.1 - Costuras iniciais para implementar duas proposi\u00e7\u00f5es de pesquisas de p\u00f3s-doutorado colaborativas e cooperativas - Dossi\u00ea do Ciclo de Forma\u00e7\u00e3o Multimeios\" \/>\n<meta property=\"og:description\" content=\"Implementar propostas coletivas de desenvolvimento de pesquisas de p\u00f3s Doutorado, em um formato colaborativo, n\u00e3o nos parece uma tradi\u00e7\u00e3o das ci\u00eancias. Pelo menos, na PPGE da Faced, n\u00e3o encontramos nenhum trabalho que apontasse para essas perspectivas: duas pedagogas\/pesquisadoras, com objetos de pesquisa diferenciados, com&nbsp; um mesmo orientador, com outra professora\/pedagoga ao lado, como coordenadora das &hellip; Continuar lendo 1.1 &#8211; Costuras iniciais para implementar duas proposi\u00e7\u00f5es de pesquisas de p\u00f3s-doutorado colaborativas e cooperativas\" \/>\n<meta property=\"og:url\" content=\"https:\/\/blogs.multimeios.ufc.br\/dossieformacao\/2021\/02\/04\/1-1-costuras-iniciais-para-implementar-duas-proposicoes-de-pesquisas-pos-doutorado-colaborativas-e-cooperativas\/\" \/>\n<meta property=\"og:site_name\" content=\"Dossi\u00ea do Ciclo de Forma\u00e7\u00e3o Multimeios\" \/>\n<meta property=\"article:published_time\" content=\"2021-02-04T23:53:18+00:00\" \/>\n<meta property=\"article:modified_time\" content=\"2021-02-25T21:55:16+00:00\" \/>\n<meta property=\"og:image\" content=\"https:\/\/blogs.multimeios.ufc.br\/dossieformacao\/files\/2021\/02\/CAPA-POST-X.png\" \/>\n\t<meta property=\"og:image:width\" content=\"825\" \/>\n\t<meta property=\"og:image:height\" content=\"510\" \/>\n\t<meta property=\"og:image:type\" content=\"image\/png\" \/>\n<meta name=\"author\" content=\"lisdemaria\" \/>\n<meta name=\"twitter:card\" content=\"summary_large_image\" \/>\n<meta name=\"twitter:label1\" content=\"Escrito por\" \/>\n\t<meta name=\"twitter:data1\" content=\"lisdemaria\" \/>\n\t<meta name=\"twitter:label2\" content=\"Est. tempo de leitura\" \/>\n\t<meta name=\"twitter:data2\" content=\"2 minutos\" \/>\n<script type=\"application\/ld+json\" class=\"yoast-schema-graph\">{\"@context\":\"https:\\\/\\\/schema.org\",\"@graph\":[{\"@type\":\"Article\",\"@id\":\"https:\\\/\\\/blogs.multimeios.ufc.br\\\/dossieformacao\\\/2021\\\/02\\\/04\\\/1-1-costuras-iniciais-para-implementar-duas-proposicoes-de-pesquisas-pos-doutorado-colaborativas-e-cooperativas\\\/#article\",\"isPartOf\":{\"@id\":\"https:\\\/\\\/blogs.multimeios.ufc.br\\\/dossieformacao\\\/2021\\\/02\\\/04\\\/1-1-costuras-iniciais-para-implementar-duas-proposicoes-de-pesquisas-pos-doutorado-colaborativas-e-cooperativas\\\/\"},\"author\":{\"name\":\"lisdemaria\",\"@id\":\"https:\\\/\\\/blogs.multimeios.ufc.br\\\/dossieformacao\\\/#\\\/schema\\\/person\\\/21da6a1565b52c13fd5831b9b4c0efa4\"},\"headline\":\"1.1 &#8211; Costuras iniciais para implementar duas proposi\u00e7\u00f5es de pesquisas de p\u00f3s-doutorado colaborativas e cooperativas\",\"datePublished\":\"2021-02-04T23:53:18+00:00\",\"dateModified\":\"2021-02-25T21:55:16+00:00\",\"mainEntityOfPage\":{\"@id\":\"https:\\\/\\\/blogs.multimeios.ufc.br\\\/dossieformacao\\\/2021\\\/02\\\/04\\\/1-1-costuras-iniciais-para-implementar-duas-proposicoes-de-pesquisas-pos-doutorado-colaborativas-e-cooperativas\\\/\"},\"wordCount\":421,\"commentCount\":0,\"publisher\":{\"@id\":\"https:\\\/\\\/blogs.multimeios.ufc.br\\\/dossieformacao\\\/#organization\"},\"image\":{\"@id\":\"https:\\\/\\\/blogs.multimeios.ufc.br\\\/dossieformacao\\\/2021\\\/02\\\/04\\\/1-1-costuras-iniciais-para-implementar-duas-proposicoes-de-pesquisas-pos-doutorado-colaborativas-e-cooperativas\\\/#primaryimage\"},\"thumbnailUrl\":\"https:\\\/\\\/blogs.multimeios.ufc.br\\\/dossieformacao\\\/files\\\/2021\\\/02\\\/CAPA-POST-X.png\",\"inLanguage\":\"pt-BR\",\"potentialAction\":[{\"@type\":\"CommentAction\",\"name\":\"Comment\",\"target\":[\"https:\\\/\\\/blogs.multimeios.ufc.br\\\/dossieformacao\\\/2021\\\/02\\\/04\\\/1-1-costuras-iniciais-para-implementar-duas-proposicoes-de-pesquisas-pos-doutorado-colaborativas-e-cooperativas\\\/#respond\"]}]},{\"@type\":\"WebPage\",\"@id\":\"https:\\\/\\\/blogs.multimeios.ufc.br\\\/dossieformacao\\\/2021\\\/02\\\/04\\\/1-1-costuras-iniciais-para-implementar-duas-proposicoes-de-pesquisas-pos-doutorado-colaborativas-e-cooperativas\\\/\",\"url\":\"https:\\\/\\\/blogs.multimeios.ufc.br\\\/dossieformacao\\\/2021\\\/02\\\/04\\\/1-1-costuras-iniciais-para-implementar-duas-proposicoes-de-pesquisas-pos-doutorado-colaborativas-e-cooperativas\\\/\",\"name\":\"1.1 - Costuras iniciais para implementar duas proposi\u00e7\u00f5es de pesquisas de p\u00f3s-doutorado colaborativas e cooperativas - Dossi\u00ea do Ciclo de Forma\u00e7\u00e3o Multimeios\",\"isPartOf\":{\"@id\":\"https:\\\/\\\/blogs.multimeios.ufc.br\\\/dossieformacao\\\/#website\"},\"primaryImageOfPage\":{\"@id\":\"https:\\\/\\\/blogs.multimeios.ufc.br\\\/dossieformacao\\\/2021\\\/02\\\/04\\\/1-1-costuras-iniciais-para-implementar-duas-proposicoes-de-pesquisas-pos-doutorado-colaborativas-e-cooperativas\\\/#primaryimage\"},\"image\":{\"@id\":\"https:\\\/\\\/blogs.multimeios.ufc.br\\\/dossieformacao\\\/2021\\\/02\\\/04\\\/1-1-costuras-iniciais-para-implementar-duas-proposicoes-de-pesquisas-pos-doutorado-colaborativas-e-cooperativas\\\/#primaryimage\"},\"thumbnailUrl\":\"https:\\\/\\\/blogs.multimeios.ufc.br\\\/dossieformacao\\\/files\\\/2021\\\/02\\\/CAPA-POST-X.png\",\"datePublished\":\"2021-02-04T23:53:18+00:00\",\"dateModified\":\"2021-02-25T21:55:16+00:00\",\"breadcrumb\":{\"@id\":\"https:\\\/\\\/blogs.multimeios.ufc.br\\\/dossieformacao\\\/2021\\\/02\\\/04\\\/1-1-costuras-iniciais-para-implementar-duas-proposicoes-de-pesquisas-pos-doutorado-colaborativas-e-cooperativas\\\/#breadcrumb\"},\"inLanguage\":\"pt-BR\",\"potentialAction\":[{\"@type\":\"ReadAction\",\"target\":[\"https:\\\/\\\/blogs.multimeios.ufc.br\\\/dossieformacao\\\/2021\\\/02\\\/04\\\/1-1-costuras-iniciais-para-implementar-duas-proposicoes-de-pesquisas-pos-doutorado-colaborativas-e-cooperativas\\\/\"]}]},{\"@type\":\"ImageObject\",\"inLanguage\":\"pt-BR\",\"@id\":\"https:\\\/\\\/blogs.multimeios.ufc.br\\\/dossieformacao\\\/2021\\\/02\\\/04\\\/1-1-costuras-iniciais-para-implementar-duas-proposicoes-de-pesquisas-pos-doutorado-colaborativas-e-cooperativas\\\/#primaryimage\",\"url\":\"https:\\\/\\\/blogs.multimeios.ufc.br\\\/dossieformacao\\\/files\\\/2021\\\/02\\\/CAPA-POST-X.png\",\"contentUrl\":\"https:\\\/\\\/blogs.multimeios.ufc.br\\\/dossieformacao\\\/files\\\/2021\\\/02\\\/CAPA-POST-X.png\",\"width\":825,\"height\":510},{\"@type\":\"BreadcrumbList\",\"@id\":\"https:\\\/\\\/blogs.multimeios.ufc.br\\\/dossieformacao\\\/2021\\\/02\\\/04\\\/1-1-costuras-iniciais-para-implementar-duas-proposicoes-de-pesquisas-pos-doutorado-colaborativas-e-cooperativas\\\/#breadcrumb\",\"itemListElement\":[{\"@type\":\"ListItem\",\"position\":1,\"name\":\"In\u00edcio\",\"item\":\"https:\\\/\\\/blogs.multimeios.ufc.br\\\/dossieformacao\\\/\"},{\"@type\":\"ListItem\",\"position\":2,\"name\":\"1.1 &#8211; Costuras iniciais para implementar duas proposi\u00e7\u00f5es de pesquisas de p\u00f3s-doutorado colaborativas e cooperativas\"}]},{\"@type\":\"WebSite\",\"@id\":\"https:\\\/\\\/blogs.multimeios.ufc.br\\\/dossieformacao\\\/#website\",\"url\":\"https:\\\/\\\/blogs.multimeios.ufc.br\\\/dossieformacao\\\/\",\"name\":\"Dossi\u00ea do Ciclo de Forma\u00e7\u00e3o Multimeios\",\"description\":\"S\u00f3 mais um site Blogs do MultiMeios\",\"publisher\":{\"@id\":\"https:\\\/\\\/blogs.multimeios.ufc.br\\\/dossieformacao\\\/#organization\"},\"potentialAction\":[{\"@type\":\"SearchAction\",\"target\":{\"@type\":\"EntryPoint\",\"urlTemplate\":\"https:\\\/\\\/blogs.multimeios.ufc.br\\\/dossieformacao\\\/?s={search_term_string}\"},\"query-input\":{\"@type\":\"PropertyValueSpecification\",\"valueRequired\":true,\"valueName\":\"search_term_string\"}}],\"inLanguage\":\"pt-BR\"},{\"@type\":\"Organization\",\"@id\":\"https:\\\/\\\/blogs.multimeios.ufc.br\\\/dossieformacao\\\/#organization\",\"name\":\"Dossi\u00ea do Ciclo de Forma\u00e7\u00e3o Multimeios\",\"url\":\"https:\\\/\\\/blogs.multimeios.ufc.br\\\/dossieformacao\\\/\",\"logo\":{\"@type\":\"ImageObject\",\"inLanguage\":\"pt-BR\",\"@id\":\"https:\\\/\\\/blogs.multimeios.ufc.br\\\/dossieformacao\\\/#\\\/schema\\\/logo\\\/image\\\/\",\"url\":\"https:\\\/\\\/blogs.multimeios.ufc.br\\\/dossieformacao\\\/files\\\/2021\\\/02\\\/cropped-LOGO-DOSSIE-DARK-BLUE.png\",\"contentUrl\":\"https:\\\/\\\/blogs.multimeios.ufc.br\\\/dossieformacao\\\/files\\\/2021\\\/02\\\/cropped-LOGO-DOSSIE-DARK-BLUE.png\",\"width\":248,\"height\":249,\"caption\":\"Dossi\u00ea do Ciclo de Forma\u00e7\u00e3o Multimeios\"},\"image\":{\"@id\":\"https:\\\/\\\/blogs.multimeios.ufc.br\\\/dossieformacao\\\/#\\\/schema\\\/logo\\\/image\\\/\"}},{\"@type\":\"Person\",\"@id\":\"https:\\\/\\\/blogs.multimeios.ufc.br\\\/dossieformacao\\\/#\\\/schema\\\/person\\\/21da6a1565b52c13fd5831b9b4c0efa4\",\"name\":\"lisdemaria\",\"image\":{\"@type\":\"ImageObject\",\"inLanguage\":\"pt-BR\",\"@id\":\"https:\\\/\\\/secure.gravatar.com\\\/avatar\\\/1128adbdc3c392e3eabbb6e270e3f03799d04777698be54e02755e3cfbe03150?s=96&d=mm&r=g\",\"url\":\"https:\\\/\\\/secure.gravatar.com\\\/avatar\\\/1128adbdc3c392e3eabbb6e270e3f03799d04777698be54e02755e3cfbe03150?s=96&d=mm&r=g\",\"contentUrl\":\"https:\\\/\\\/secure.gravatar.com\\\/avatar\\\/1128adbdc3c392e3eabbb6e270e3f03799d04777698be54e02755e3cfbe03150?s=96&d=mm&r=g\",\"caption\":\"lisdemaria\"},\"url\":\"https:\\\/\\\/blogs.multimeios.ufc.br\\\/dossieformacao\\\/author\\\/lisdemaria\\\/\"}]}<\/script>\n<!-- \/ Yoast SEO plugin. -->","yoast_head_json":{"title":"1.1 - Costuras iniciais para implementar duas proposi\u00e7\u00f5es de pesquisas de p\u00f3s-doutorado colaborativas e cooperativas - Dossi\u00ea do Ciclo de Forma\u00e7\u00e3o Multimeios","robots":{"index":"index","follow":"follow","max-snippet":"max-snippet:-1","max-image-preview":"max-image-preview:large","max-video-preview":"max-video-preview:-1"},"canonical":"https:\/\/blogs.multimeios.ufc.br\/dossieformacao\/2021\/02\/04\/1-1-costuras-iniciais-para-implementar-duas-proposicoes-de-pesquisas-pos-doutorado-colaborativas-e-cooperativas\/","og_locale":"pt_BR","og_type":"article","og_title":"1.1 - Costuras iniciais para implementar duas proposi\u00e7\u00f5es de pesquisas de p\u00f3s-doutorado colaborativas e cooperativas - Dossi\u00ea do Ciclo de Forma\u00e7\u00e3o Multimeios","og_description":"Implementar propostas coletivas de desenvolvimento de pesquisas de p\u00f3s Doutorado, em um formato colaborativo, n\u00e3o nos parece uma tradi\u00e7\u00e3o das ci\u00eancias. Pelo menos, na PPGE da Faced, n\u00e3o encontramos nenhum trabalho que apontasse para essas perspectivas: duas pedagogas\/pesquisadoras, com objetos de pesquisa diferenciados, com&nbsp; um mesmo orientador, com outra professora\/pedagoga ao lado, como coordenadora das &hellip; Continuar lendo 1.1 &#8211; Costuras iniciais para implementar duas proposi\u00e7\u00f5es de pesquisas de p\u00f3s-doutorado colaborativas e cooperativas","og_url":"https:\/\/blogs.multimeios.ufc.br\/dossieformacao\/2021\/02\/04\/1-1-costuras-iniciais-para-implementar-duas-proposicoes-de-pesquisas-pos-doutorado-colaborativas-e-cooperativas\/","og_site_name":"Dossi\u00ea do Ciclo de Forma\u00e7\u00e3o Multimeios","article_published_time":"2021-02-04T23:53:18+00:00","article_modified_time":"2021-02-25T21:55:16+00:00","og_image":[{"width":825,"height":510,"url":"https:\/\/blogs.multimeios.ufc.br\/dossieformacao\/files\/2021\/02\/CAPA-POST-X.png","type":"image\/png"}],"author":"lisdemaria","twitter_card":"summary_large_image","twitter_misc":{"Escrito por":"lisdemaria","Est. tempo de leitura":"2 minutos"},"schema":{"@context":"https:\/\/schema.org","@graph":[{"@type":"Article","@id":"https:\/\/blogs.multimeios.ufc.br\/dossieformacao\/2021\/02\/04\/1-1-costuras-iniciais-para-implementar-duas-proposicoes-de-pesquisas-pos-doutorado-colaborativas-e-cooperativas\/#article","isPartOf":{"@id":"https:\/\/blogs.multimeios.ufc.br\/dossieformacao\/2021\/02\/04\/1-1-costuras-iniciais-para-implementar-duas-proposicoes-de-pesquisas-pos-doutorado-colaborativas-e-cooperativas\/"},"author":{"name":"lisdemaria","@id":"https:\/\/blogs.multimeios.ufc.br\/dossieformacao\/#\/schema\/person\/21da6a1565b52c13fd5831b9b4c0efa4"},"headline":"1.1 &#8211; Costuras iniciais para implementar duas proposi\u00e7\u00f5es de pesquisas de p\u00f3s-doutorado colaborativas e cooperativas","datePublished":"2021-02-04T23:53:18+00:00","dateModified":"2021-02-25T21:55:16+00:00","mainEntityOfPage":{"@id":"https:\/\/blogs.multimeios.ufc.br\/dossieformacao\/2021\/02\/04\/1-1-costuras-iniciais-para-implementar-duas-proposicoes-de-pesquisas-pos-doutorado-colaborativas-e-cooperativas\/"},"wordCount":421,"commentCount":0,"publisher":{"@id":"https:\/\/blogs.multimeios.ufc.br\/dossieformacao\/#organization"},"image":{"@id":"https:\/\/blogs.multimeios.ufc.br\/dossieformacao\/2021\/02\/04\/1-1-costuras-iniciais-para-implementar-duas-proposicoes-de-pesquisas-pos-doutorado-colaborativas-e-cooperativas\/#primaryimage"},"thumbnailUrl":"https:\/\/blogs.multimeios.ufc.br\/dossieformacao\/files\/2021\/02\/CAPA-POST-X.png","inLanguage":"pt-BR","potentialAction":[{"@type":"CommentAction","name":"Comment","target":["https:\/\/blogs.multimeios.ufc.br\/dossieformacao\/2021\/02\/04\/1-1-costuras-iniciais-para-implementar-duas-proposicoes-de-pesquisas-pos-doutorado-colaborativas-e-cooperativas\/#respond"]}]},{"@type":"WebPage","@id":"https:\/\/blogs.multimeios.ufc.br\/dossieformacao\/2021\/02\/04\/1-1-costuras-iniciais-para-implementar-duas-proposicoes-de-pesquisas-pos-doutorado-colaborativas-e-cooperativas\/","url":"https:\/\/blogs.multimeios.ufc.br\/dossieformacao\/2021\/02\/04\/1-1-costuras-iniciais-para-implementar-duas-proposicoes-de-pesquisas-pos-doutorado-colaborativas-e-cooperativas\/","name":"1.1 - Costuras iniciais para implementar duas proposi\u00e7\u00f5es de pesquisas de p\u00f3s-doutorado colaborativas e cooperativas - Dossi\u00ea do Ciclo de Forma\u00e7\u00e3o Multimeios","isPartOf":{"@id":"https:\/\/blogs.multimeios.ufc.br\/dossieformacao\/#website"},"primaryImageOfPage":{"@id":"https:\/\/blogs.multimeios.ufc.br\/dossieformacao\/2021\/02\/04\/1-1-costuras-iniciais-para-implementar-duas-proposicoes-de-pesquisas-pos-doutorado-colaborativas-e-cooperativas\/#primaryimage"},"image":{"@id":"https:\/\/blogs.multimeios.ufc.br\/dossieformacao\/2021\/02\/04\/1-1-costuras-iniciais-para-implementar-duas-proposicoes-de-pesquisas-pos-doutorado-colaborativas-e-cooperativas\/#primaryimage"},"thumbnailUrl":"https:\/\/blogs.multimeios.ufc.br\/dossieformacao\/files\/2021\/02\/CAPA-POST-X.png","datePublished":"2021-02-04T23:53:18+00:00","dateModified":"2021-02-25T21:55:16+00:00","breadcrumb":{"@id":"https:\/\/blogs.multimeios.ufc.br\/dossieformacao\/2021\/02\/04\/1-1-costuras-iniciais-para-implementar-duas-proposicoes-de-pesquisas-pos-doutorado-colaborativas-e-cooperativas\/#breadcrumb"},"inLanguage":"pt-BR","potentialAction":[{"@type":"ReadAction","target":["https:\/\/blogs.multimeios.ufc.br\/dossieformacao\/2021\/02\/04\/1-1-costuras-iniciais-para-implementar-duas-proposicoes-de-pesquisas-pos-doutorado-colaborativas-e-cooperativas\/"]}]},{"@type":"ImageObject","inLanguage":"pt-BR","@id":"https:\/\/blogs.multimeios.ufc.br\/dossieformacao\/2021\/02\/04\/1-1-costuras-iniciais-para-implementar-duas-proposicoes-de-pesquisas-pos-doutorado-colaborativas-e-cooperativas\/#primaryimage","url":"https:\/\/blogs.multimeios.ufc.br\/dossieformacao\/files\/2021\/02\/CAPA-POST-X.png","contentUrl":"https:\/\/blogs.multimeios.ufc.br\/dossieformacao\/files\/2021\/02\/CAPA-POST-X.png","width":825,"height":510},{"@type":"BreadcrumbList","@id":"https:\/\/blogs.multimeios.ufc.br\/dossieformacao\/2021\/02\/04\/1-1-costuras-iniciais-para-implementar-duas-proposicoes-de-pesquisas-pos-doutorado-colaborativas-e-cooperativas\/#breadcrumb","itemListElement":[{"@type":"ListItem","position":1,"name":"In\u00edcio","item":"https:\/\/blogs.multimeios.ufc.br\/dossieformacao\/"},{"@type":"ListItem","position":2,"name":"1.1 &#8211; Costuras iniciais para implementar duas proposi\u00e7\u00f5es de pesquisas de p\u00f3s-doutorado colaborativas e cooperativas"}]},{"@type":"WebSite","@id":"https:\/\/blogs.multimeios.ufc.br\/dossieformacao\/#website","url":"https:\/\/blogs.multimeios.ufc.br\/dossieformacao\/","name":"Dossi\u00ea do Ciclo de Forma\u00e7\u00e3o Multimeios","description":"S\u00f3 mais um site Blogs do MultiMeios","publisher":{"@id":"https:\/\/blogs.multimeios.ufc.br\/dossieformacao\/#organization"},"potentialAction":[{"@type":"SearchAction","target":{"@type":"EntryPoint","urlTemplate":"https:\/\/blogs.multimeios.ufc.br\/dossieformacao\/?s={search_term_string}"},"query-input":{"@type":"PropertyValueSpecification","valueRequired":true,"valueName":"search_term_string"}}],"inLanguage":"pt-BR"},{"@type":"Organization","@id":"https:\/\/blogs.multimeios.ufc.br\/dossieformacao\/#organization","name":"Dossi\u00ea do Ciclo de Forma\u00e7\u00e3o Multimeios","url":"https:\/\/blogs.multimeios.ufc.br\/dossieformacao\/","logo":{"@type":"ImageObject","inLanguage":"pt-BR","@id":"https:\/\/blogs.multimeios.ufc.br\/dossieformacao\/#\/schema\/logo\/image\/","url":"https:\/\/blogs.multimeios.ufc.br\/dossieformacao\/files\/2021\/02\/cropped-LOGO-DOSSIE-DARK-BLUE.png","contentUrl":"https:\/\/blogs.multimeios.ufc.br\/dossieformacao\/files\/2021\/02\/cropped-LOGO-DOSSIE-DARK-BLUE.png","width":248,"height":249,"caption":"Dossi\u00ea do Ciclo de Forma\u00e7\u00e3o Multimeios"},"image":{"@id":"https:\/\/blogs.multimeios.ufc.br\/dossieformacao\/#\/schema\/logo\/image\/"}},{"@type":"Person","@id":"https:\/\/blogs.multimeios.ufc.br\/dossieformacao\/#\/schema\/person\/21da6a1565b52c13fd5831b9b4c0efa4","name":"lisdemaria","image":{"@type":"ImageObject","inLanguage":"pt-BR","@id":"https:\/\/secure.gravatar.com\/avatar\/1128adbdc3c392e3eabbb6e270e3f03799d04777698be54e02755e3cfbe03150?s=96&d=mm&r=g","url":"https:\/\/secure.gravatar.com\/avatar\/1128adbdc3c392e3eabbb6e270e3f03799d04777698be54e02755e3cfbe03150?s=96&d=mm&r=g","contentUrl":"https:\/\/secure.gravatar.com\/avatar\/1128adbdc3c392e3eabbb6e270e3f03799d04777698be54e02755e3cfbe03150?s=96&d=mm&r=g","caption":"lisdemaria"},"url":"https:\/\/blogs.multimeios.ufc.br\/dossieformacao\/author\/lisdemaria\/"}]}},"_links":{"self":[{"href":"https:\/\/blogs.multimeios.ufc.br\/dossieformacao\/wp-json\/wp\/v2\/posts\/23","targetHints":{"allow":["GET"]}}],"collection":[{"href":"https:\/\/blogs.multimeios.ufc.br\/dossieformacao\/wp-json\/wp\/v2\/posts"}],"about":[{"href":"https:\/\/blogs.multimeios.ufc.br\/dossieformacao\/wp-json\/wp\/v2\/types\/post"}],"author":[{"embeddable":true,"href":"https:\/\/blogs.multimeios.ufc.br\/dossieformacao\/wp-json\/wp\/v2\/users\/25"}],"replies":[{"embeddable":true,"href":"https:\/\/blogs.multimeios.ufc.br\/dossieformacao\/wp-json\/wp\/v2\/comments?post=23"}],"version-history":[{"count":17,"href":"https:\/\/blogs.multimeios.ufc.br\/dossieformacao\/wp-json\/wp\/v2\/posts\/23\/revisions"}],"predecessor-version":[{"id":619,"href":"https:\/\/blogs.multimeios.ufc.br\/dossieformacao\/wp-json\/wp\/v2\/posts\/23\/revisions\/619"}],"wp:featuredmedia":[{"embeddable":true,"href":"https:\/\/blogs.multimeios.ufc.br\/dossieformacao\/wp-json\/wp\/v2\/media\/591"}],"wp:attachment":[{"href":"https:\/\/blogs.multimeios.ufc.br\/dossieformacao\/wp-json\/wp\/v2\/media?parent=23"}],"wp:term":[{"taxonomy":"category","embeddable":true,"href":"https:\/\/blogs.multimeios.ufc.br\/dossieformacao\/wp-json\/wp\/v2\/categories?post=23"},{"taxonomy":"post_tag","embeddable":true,"href":"https:\/\/blogs.multimeios.ufc.br\/dossieformacao\/wp-json\/wp\/v2\/tags?post=23"}],"curies":[{"name":"wp","href":"https:\/\/api.w.org\/{rel}","templated":true}]}}