{"id":112,"date":"2021-05-13T15:57:45","date_gmt":"2021-05-13T15:57:45","guid":{"rendered":"http:\/\/blogs.multimeios.ufc.br\/eventosacademicos\/?p=112"},"modified":"2021-05-13T15:57:47","modified_gmt":"2021-05-13T15:57:47","slug":"27-ciaed-congresso-internacional-abed-de-educacao-a-distancia","status":"publish","type":"post","link":"https:\/\/blogs.multimeios.ufc.br\/eventosacademicos\/2021\/05\/13\/27-ciaed-congresso-internacional-abed-de-educacao-a-distancia\/","title":{"rendered":"27\u00b0 CIAED Congresso Internacional ABED de Educa\u00e7\u00e3o a Dist\u00e2ncia"},"content":{"rendered":"\n<p class=\"has-text-color\" style=\"color:#1000a3\"><strong><em>*27\u00b0 CIAED Congresso Internacional ABED de Educa\u00e7\u00e3o a Dist\u00e2ncia*<\/em><\/strong><\/p>\n\n\n\n<p><strong><em>*Local*: ABED<\/em><\/strong><\/p>\n\n\n\n<p><strong><em>*Data*: <\/em><\/strong>20 a 24 de mar\u00e7o de 2022<\/p>\n\n\n\n<p><strong><em>*Modalidade*: <\/em><\/strong><em>On-line? Presencial?<\/em><\/p>\n\n\n\n<p><strong><em>*Submiss\u00e3o de trabalhos*:\u00a0 <\/em><\/strong><em>01 de maio \u00e0 18 de junho de 2021<\/em><\/p>\n\n\n\n<p><strong><em>*Maiores Informa\u00e7\u00f5es*:<\/em><\/strong><a href=\"http:\/\/xiv.ciaem-iacme.org\/index.php\/xiv_ciaem\/xiv_ciaem\"><strong><em> <\/em><\/strong><\/a><a href=\"http:\/\/www.abed.org.br\/hotsite\/27-ciaed\/pt\/abed\/\" target=\"_blank\" rel=\"noreferrer noopener\">http:\/\/www.abed.org.br\/hotsite\/27-ciaed\/pt\/abed\/<\/a><\/p>\n","protected":false},"excerpt":{"rendered":"<p>*27\u00b0 CIAED Congresso Internacional ABED de Educa\u00e7\u00e3o a Dist\u00e2ncia* *Local*: ABED *Data*: 20 a 24 de mar\u00e7o de 2022 *Modalidade*: On-line? Presencial? *Submiss\u00e3o de trabalhos*:\u00a0 01 de maio \u00e0 18 de junho de 2021 *Maiores Informa\u00e7\u00f5es*: http:\/\/www.abed.org.br\/hotsite\/27-ciaed\/pt\/abed\/<\/p>\n","protected":false},"author":7,"featured_media":0,"comment_status":"open","ping_status":"open","sticky":false,"template":"","format":"standard","meta":{"footnotes":""},"categories":[1],"tags":[],"class_list":["post-112","post","type-post","status-publish","format-standard","hentry","category-sem-categoria"],"yoast_head":"<!-- This site is optimized with the Yoast SEO plugin v27.5 - https:\/\/yoast.com\/product\/yoast-seo-wordpress\/ -->\n<title>27\u00b0 CIAED Congresso Internacional ABED de Educa\u00e7\u00e3o a Dist\u00e2ncia - Eventos Acad\u00eamicos em Educa\u00e7\u00e3o e Educa\u00e7\u00e3o Matem\u00e1tica<\/title>\n<meta name=\"robots\" content=\"index, follow, max-snippet:-1, max-image-preview:large, max-video-preview:-1\" \/>\n<link rel=\"canonical\" href=\"http:\/\/blogs.multimeios.ufc.br\/eventosacademicos\/2021\/05\/13\/27-ciaed-congresso-internacional-abed-de-educacao-a-distancia\/\" \/>\n<meta property=\"og:locale\" content=\"pt_BR\" \/>\n<meta property=\"og:type\" content=\"article\" \/>\n<meta property=\"og:title\" content=\"27\u00b0 CIAED Congresso Internacional ABED de Educa\u00e7\u00e3o a Dist\u00e2ncia - Eventos Acad\u00eamicos em Educa\u00e7\u00e3o e Educa\u00e7\u00e3o Matem\u00e1tica\" \/>\n<meta property=\"og:description\" content=\"*27\u00b0 CIAED Congresso Internacional ABED de Educa\u00e7\u00e3o a Dist\u00e2ncia* *Local*: ABED *Data*: 20 a 24 de mar\u00e7o de 2022 *Modalidade*: On-line? Presencial? *Submiss\u00e3o de trabalhos*:\u00a0 01 de maio \u00e0 18 de junho de 2021 *Maiores Informa\u00e7\u00f5es*: http:\/\/www.abed.org.br\/hotsite\/27-ciaed\/pt\/abed\/\" \/>\n<meta property=\"og:url\" content=\"http:\/\/blogs.multimeios.ufc.br\/eventosacademicos\/2021\/05\/13\/27-ciaed-congresso-internacional-abed-de-educacao-a-distancia\/\" \/>\n<meta property=\"og:site_name\" content=\"Eventos Acad\u00eamicos em Educa\u00e7\u00e3o e Educa\u00e7\u00e3o Matem\u00e1tica\" \/>\n<meta property=\"article:published_time\" content=\"2021-05-13T15:57:45+00:00\" \/>\n<meta property=\"article:modified_time\" content=\"2021-05-13T15:57:47+00:00\" \/>\n<meta name=\"author\" content=\"marilia\" \/>\n<meta name=\"twitter:card\" content=\"summary_large_image\" \/>\n<meta name=\"twitter:label1\" content=\"Escrito por\" \/>\n\t<meta name=\"twitter:data1\" content=\"marilia\" \/>\n<script type=\"application\/ld+json\" class=\"yoast-schema-graph\">{\"@context\":\"https:\\\/\\\/schema.org\",\"@graph\":[{\"@type\":\"Article\",\"@id\":\"http:\\\/\\\/blogs.multimeios.ufc.br\\\/eventosacademicos\\\/2021\\\/05\\\/13\\\/27-ciaed-congresso-internacional-abed-de-educacao-a-distancia\\\/#article\",\"isPartOf\":{\"@id\":\"http:\\\/\\\/blogs.multimeios.ufc.br\\\/eventosacademicos\\\/2021\\\/05\\\/13\\\/27-ciaed-congresso-internacional-abed-de-educacao-a-distancia\\\/\"},\"author\":{\"name\":\"marilia\",\"@id\":\"https:\\\/\\\/blogs.multimeios.ufc.br\\\/eventosacademicos\\\/#\\\/schema\\\/person\\\/372cd49ff3f597f62ad2c0863ac0fe06\"},\"headline\":\"27\u00b0 CIAED Congresso Internacional ABED de Educa\u00e7\u00e3o a Dist\u00e2ncia\",\"datePublished\":\"2021-05-13T15:57:45+00:00\",\"dateModified\":\"2021-05-13T15:57:47+00:00\",\"mainEntityOfPage\":{\"@id\":\"http:\\\/\\\/blogs.multimeios.ufc.br\\\/eventosacademicos\\\/2021\\\/05\\\/13\\\/27-ciaed-congresso-internacional-abed-de-educacao-a-distancia\\\/\"},\"wordCount\":52,\"commentCount\":24097,\"inLanguage\":\"pt-BR\",\"potentialAction\":[{\"@type\":\"CommentAction\",\"name\":\"Comment\",\"target\":[\"http:\\\/\\\/blogs.multimeios.ufc.br\\\/eventosacademicos\\\/2021\\\/05\\\/13\\\/27-ciaed-congresso-internacional-abed-de-educacao-a-distancia\\\/#respond\"]}]},{\"@type\":\"WebPage\",\"@id\":\"http:\\\/\\\/blogs.multimeios.ufc.br\\\/eventosacademicos\\\/2021\\\/05\\\/13\\\/27-ciaed-congresso-internacional-abed-de-educacao-a-distancia\\\/\",\"url\":\"http:\\\/\\\/blogs.multimeios.ufc.br\\\/eventosacademicos\\\/2021\\\/05\\\/13\\\/27-ciaed-congresso-internacional-abed-de-educacao-a-distancia\\\/\",\"name\":\"27\u00b0 CIAED Congresso Internacional ABED de Educa\u00e7\u00e3o a Dist\u00e2ncia - Eventos Acad\u00eamicos em Educa\u00e7\u00e3o e Educa\u00e7\u00e3o Matem\u00e1tica\",\"isPartOf\":{\"@id\":\"https:\\\/\\\/blogs.multimeios.ufc.br\\\/eventosacademicos\\\/#website\"},\"datePublished\":\"2021-05-13T15:57:45+00:00\",\"dateModified\":\"2021-05-13T15:57:47+00:00\",\"author\":{\"@id\":\"https:\\\/\\\/blogs.multimeios.ufc.br\\\/eventosacademicos\\\/#\\\/schema\\\/person\\\/372cd49ff3f597f62ad2c0863ac0fe06\"},\"breadcrumb\":{\"@id\":\"http:\\\/\\\/blogs.multimeios.ufc.br\\\/eventosacademicos\\\/2021\\\/05\\\/13\\\/27-ciaed-congresso-internacional-abed-de-educacao-a-distancia\\\/#breadcrumb\"},\"inLanguage\":\"pt-BR\",\"potentialAction\":[{\"@type\":\"ReadAction\",\"target\":[\"http:\\\/\\\/blogs.multimeios.ufc.br\\\/eventosacademicos\\\/2021\\\/05\\\/13\\\/27-ciaed-congresso-internacional-abed-de-educacao-a-distancia\\\/\"]}]},{\"@type\":\"BreadcrumbList\",\"@id\":\"http:\\\/\\\/blogs.multimeios.ufc.br\\\/eventosacademicos\\\/2021\\\/05\\\/13\\\/27-ciaed-congresso-internacional-abed-de-educacao-a-distancia\\\/#breadcrumb\",\"itemListElement\":[{\"@type\":\"ListItem\",\"position\":1,\"name\":\"In\u00edcio\",\"item\":\"https:\\\/\\\/blogs.multimeios.ufc.br\\\/eventosacademicos\\\/\"},{\"@type\":\"ListItem\",\"position\":2,\"name\":\"27\u00b0 CIAED Congresso Internacional ABED de Educa\u00e7\u00e3o a Dist\u00e2ncia\"}]},{\"@type\":\"WebSite\",\"@id\":\"https:\\\/\\\/blogs.multimeios.ufc.br\\\/eventosacademicos\\\/#website\",\"url\":\"https:\\\/\\\/blogs.multimeios.ufc.br\\\/eventosacademicos\\\/\",\"name\":\"Eventos Acad\u00eamicos em Educa\u00e7\u00e3o e Educa\u00e7\u00e3o Matem\u00e1tica\",\"description\":\"S\u00f3 mais um site Blogs do MultiMeios\",\"potentialAction\":[{\"@type\":\"SearchAction\",\"target\":{\"@type\":\"EntryPoint\",\"urlTemplate\":\"https:\\\/\\\/blogs.multimeios.ufc.br\\\/eventosacademicos\\\/?s={search_term_string}\"},\"query-input\":{\"@type\":\"PropertyValueSpecification\",\"valueRequired\":true,\"valueName\":\"search_term_string\"}}],\"inLanguage\":\"pt-BR\"},{\"@type\":\"Person\",\"@id\":\"https:\\\/\\\/blogs.multimeios.ufc.br\\\/eventosacademicos\\\/#\\\/schema\\\/person\\\/372cd49ff3f597f62ad2c0863ac0fe06\",\"name\":\"marilia\",\"url\":\"https:\\\/\\\/blogs.multimeios.ufc.br\\\/eventosacademicos\\\/author\\\/marilia\\\/\"}]}<\/script>\n<!-- \/ Yoast SEO plugin. -->","yoast_head_json":{"title":"27\u00b0 CIAED Congresso Internacional ABED de Educa\u00e7\u00e3o a Dist\u00e2ncia - Eventos Acad\u00eamicos em Educa\u00e7\u00e3o e Educa\u00e7\u00e3o Matem\u00e1tica","robots":{"index":"index","follow":"follow","max-snippet":"max-snippet:-1","max-image-preview":"max-image-preview:large","max-video-preview":"max-video-preview:-1"},"canonical":"http:\/\/blogs.multimeios.ufc.br\/eventosacademicos\/2021\/05\/13\/27-ciaed-congresso-internacional-abed-de-educacao-a-distancia\/","og_locale":"pt_BR","og_type":"article","og_title":"27\u00b0 CIAED Congresso Internacional ABED de Educa\u00e7\u00e3o a Dist\u00e2ncia - Eventos Acad\u00eamicos em Educa\u00e7\u00e3o e Educa\u00e7\u00e3o Matem\u00e1tica","og_description":"*27\u00b0 CIAED Congresso Internacional ABED de Educa\u00e7\u00e3o a Dist\u00e2ncia* *Local*: ABED *Data*: 20 a 24 de mar\u00e7o de 2022 *Modalidade*: On-line? Presencial? *Submiss\u00e3o de trabalhos*:\u00a0 01 de maio \u00e0 18 de junho de 2021 *Maiores Informa\u00e7\u00f5es*: http:\/\/www.abed.org.br\/hotsite\/27-ciaed\/pt\/abed\/","og_url":"http:\/\/blogs.multimeios.ufc.br\/eventosacademicos\/2021\/05\/13\/27-ciaed-congresso-internacional-abed-de-educacao-a-distancia\/","og_site_name":"Eventos Acad\u00eamicos em Educa\u00e7\u00e3o e Educa\u00e7\u00e3o Matem\u00e1tica","article_published_time":"2021-05-13T15:57:45+00:00","article_modified_time":"2021-05-13T15:57:47+00:00","author":"marilia","twitter_card":"summary_large_image","twitter_misc":{"Escrito por":"marilia"},"schema":{"@context":"https:\/\/schema.org","@graph":[{"@type":"Article","@id":"http:\/\/blogs.multimeios.ufc.br\/eventosacademicos\/2021\/05\/13\/27-ciaed-congresso-internacional-abed-de-educacao-a-distancia\/#article","isPartOf":{"@id":"http:\/\/blogs.multimeios.ufc.br\/eventosacademicos\/2021\/05\/13\/27-ciaed-congresso-internacional-abed-de-educacao-a-distancia\/"},"author":{"name":"marilia","@id":"https:\/\/blogs.multimeios.ufc.br\/eventosacademicos\/#\/schema\/person\/372cd49ff3f597f62ad2c0863ac0fe06"},"headline":"27\u00b0 CIAED Congresso Internacional ABED de Educa\u00e7\u00e3o a Dist\u00e2ncia","datePublished":"2021-05-13T15:57:45+00:00","dateModified":"2021-05-13T15:57:47+00:00","mainEntityOfPage":{"@id":"http:\/\/blogs.multimeios.ufc.br\/eventosacademicos\/2021\/05\/13\/27-ciaed-congresso-internacional-abed-de-educacao-a-distancia\/"},"wordCount":52,"commentCount":24097,"inLanguage":"pt-BR","potentialAction":[{"@type":"CommentAction","name":"Comment","target":["http:\/\/blogs.multimeios.ufc.br\/eventosacademicos\/2021\/05\/13\/27-ciaed-congresso-internacional-abed-de-educacao-a-distancia\/#respond"]}]},{"@type":"WebPage","@id":"http:\/\/blogs.multimeios.ufc.br\/eventosacademicos\/2021\/05\/13\/27-ciaed-congresso-internacional-abed-de-educacao-a-distancia\/","url":"http:\/\/blogs.multimeios.ufc.br\/eventosacademicos\/2021\/05\/13\/27-ciaed-congresso-internacional-abed-de-educacao-a-distancia\/","name":"27\u00b0 CIAED Congresso Internacional ABED de Educa\u00e7\u00e3o a Dist\u00e2ncia - Eventos Acad\u00eamicos em Educa\u00e7\u00e3o e Educa\u00e7\u00e3o Matem\u00e1tica","isPartOf":{"@id":"https:\/\/blogs.multimeios.ufc.br\/eventosacademicos\/#website"},"datePublished":"2021-05-13T15:57:45+00:00","dateModified":"2021-05-13T15:57:47+00:00","author":{"@id":"https:\/\/blogs.multimeios.ufc.br\/eventosacademicos\/#\/schema\/person\/372cd49ff3f597f62ad2c0863ac0fe06"},"breadcrumb":{"@id":"http:\/\/blogs.multimeios.ufc.br\/eventosacademicos\/2021\/05\/13\/27-ciaed-congresso-internacional-abed-de-educacao-a-distancia\/#breadcrumb"},"inLanguage":"pt-BR","potentialAction":[{"@type":"ReadAction","target":["http:\/\/blogs.multimeios.ufc.br\/eventosacademicos\/2021\/05\/13\/27-ciaed-congresso-internacional-abed-de-educacao-a-distancia\/"]}]},{"@type":"BreadcrumbList","@id":"http:\/\/blogs.multimeios.ufc.br\/eventosacademicos\/2021\/05\/13\/27-ciaed-congresso-internacional-abed-de-educacao-a-distancia\/#breadcrumb","itemListElement":[{"@type":"ListItem","position":1,"name":"In\u00edcio","item":"https:\/\/blogs.multimeios.ufc.br\/eventosacademicos\/"},{"@type":"ListItem","position":2,"name":"27\u00b0 CIAED Congresso Internacional ABED de Educa\u00e7\u00e3o a Dist\u00e2ncia"}]},{"@type":"WebSite","@id":"https:\/\/blogs.multimeios.ufc.br\/eventosacademicos\/#website","url":"https:\/\/blogs.multimeios.ufc.br\/eventosacademicos\/","name":"Eventos Acad\u00eamicos em Educa\u00e7\u00e3o e Educa\u00e7\u00e3o Matem\u00e1tica","description":"S\u00f3 mais um site Blogs do MultiMeios","potentialAction":[{"@type":"SearchAction","target":{"@type":"EntryPoint","urlTemplate":"https:\/\/blogs.multimeios.ufc.br\/eventosacademicos\/?s={search_term_string}"},"query-input":{"@type":"PropertyValueSpecification","valueRequired":true,"valueName":"search_term_string"}}],"inLanguage":"pt-BR"},{"@type":"Person","@id":"https:\/\/blogs.multimeios.ufc.br\/eventosacademicos\/#\/schema\/person\/372cd49ff3f597f62ad2c0863ac0fe06","name":"marilia","url":"https:\/\/blogs.multimeios.ufc.br\/eventosacademicos\/author\/marilia\/"}]}},"_links":{"self":[{"href":"https:\/\/blogs.multimeios.ufc.br\/eventosacademicos\/wp-json\/wp\/v2\/posts\/112","targetHints":{"allow":["GET"]}}],"collection":[{"href":"https:\/\/blogs.multimeios.ufc.br\/eventosacademicos\/wp-json\/wp\/v2\/posts"}],"about":[{"href":"https:\/\/blogs.multimeios.ufc.br\/eventosacademicos\/wp-json\/wp\/v2\/types\/post"}],"author":[{"embeddable":true,"href":"https:\/\/blogs.multimeios.ufc.br\/eventosacademicos\/wp-json\/wp\/v2\/users\/7"}],"replies":[{"embeddable":true,"href":"https:\/\/blogs.multimeios.ufc.br\/eventosacademicos\/wp-json\/wp\/v2\/comments?post=112"}],"version-history":[{"count":1,"href":"https:\/\/blogs.multimeios.ufc.br\/eventosacademicos\/wp-json\/wp\/v2\/posts\/112\/revisions"}],"predecessor-version":[{"id":113,"href":"https:\/\/blogs.multimeios.ufc.br\/eventosacademicos\/wp-json\/wp\/v2\/posts\/112\/revisions\/113"}],"wp:attachment":[{"href":"https:\/\/blogs.multimeios.ufc.br\/eventosacademicos\/wp-json\/wp\/v2\/media?parent=112"}],"wp:term":[{"taxonomy":"category","embeddable":true,"href":"https:\/\/blogs.multimeios.ufc.br\/eventosacademicos\/wp-json\/wp\/v2\/categories?post=112"},{"taxonomy":"post_tag","embeddable":true,"href":"https:\/\/blogs.multimeios.ufc.br\/eventosacademicos\/wp-json\/wp\/v2\/tags?post=112"}],"curies":[{"name":"wp","href":"https:\/\/api.w.org\/{rel}","templated":true}]}}