{"id":79,"date":"2015-05-13T18:24:47","date_gmt":"2015-05-13T18:24:47","guid":{"rendered":"http:\/\/blogs.multimeios.ufc.br\/eventosacademicos\/?p=79"},"modified":"2015-05-13T18:24:47","modified_gmt":"2015-05-13T18:24:47","slug":"vii-emem-encontro-mineiro-de-educacao-matematica","status":"publish","type":"post","link":"https:\/\/blogs.multimeios.ufc.br\/eventosacademicos\/2015\/05\/13\/vii-emem-encontro-mineiro-de-educacao-matematica\/","title":{"rendered":"VII EMEM &#8211; Encontro Mineiro de Educa\u00e7\u00e3o Matem\u00e1tica"},"content":{"rendered":"<p><span style=\"color: #0000ff\"><b><i>VII EMEM &#8211; Encontro Mineiro de Educa\u00e7\u00e3o Matem\u00e1tica\u00a0<\/i><\/b><\/span><\/p>\n<div dir=\"ltr\"><span dir=\"ltr\"><b><i>Local: <\/i><\/b><i>Universidade Federal de Juiz de Fora.<\/i><\/span><\/div>\n<div dir=\"ltr\"><span dir=\"ltr\"><b><i>Data:\u00a0<\/i><\/b><i>09 a 12 de outubro de 2015.<\/i><\/span><\/div>\n<div dir=\"ltr\"><span dir=\"ltr\"><b><i>Submiss\u00e3o de trabalhos: <\/i><\/b><i>15 de Maio a 30 de Junho de 2015.<\/i><\/span><\/div>\n<div dir=\"ltr\"><span style=\"line-height: 1.6471\"><strong><i>Maiores\u00a0<\/i><\/strong><i><b>Informa\u00e7\u00f5es:\u00a0http:\u00a0<\/b><a href=\"http:\/\/www.ufjf.br\/emem\/2015\/04\/15\/submissao-de-trabalhos\/\" target=\"_blank\">\/\/www.ufjf.br\/emem\/2015\/04\/15\/submissao-de-trabalhos\/<\/a><\/i><\/span><\/div>\n","protected":false},"excerpt":{"rendered":"<p>VII EMEM &#8211; Encontro Mineiro de Educa\u00e7\u00e3o Matem\u00e1tica\u00a0 Local: Universidade Federal de Juiz de Fora. Data:\u00a009 a 12 de outubro de 2015. Submiss\u00e3o de trabalhos: 15 de Maio a 30 de Junho de 2015. Maiores\u00a0Informa\u00e7\u00f5es:\u00a0http:\u00a0\/\/www.ufjf.br\/emem\/2015\/04\/15\/submissao-de-trabalhos\/<\/p>\n","protected":false},"author":7,"featured_media":0,"comment_status":"open","ping_status":"open","sticky":false,"template":"","format":"standard","meta":{"footnotes":""},"categories":[1],"tags":[],"class_list":["post-79","post","type-post","status-publish","format-standard","hentry","category-sem-categoria"],"yoast_head":"<!-- This site is optimized with the Yoast SEO plugin v27.5 - https:\/\/yoast.com\/product\/yoast-seo-wordpress\/ -->\n<title>VII EMEM - Encontro Mineiro de Educa\u00e7\u00e3o Matem\u00e1tica - Eventos Acad\u00eamicos em Educa\u00e7\u00e3o e Educa\u00e7\u00e3o Matem\u00e1tica<\/title>\n<meta name=\"robots\" content=\"index, follow, max-snippet:-1, max-image-preview:large, max-video-preview:-1\" \/>\n<link rel=\"canonical\" href=\"http:\/\/blogs.multimeios.ufc.br\/eventosacademicos\/2015\/05\/13\/vii-emem-encontro-mineiro-de-educacao-matematica\/\" \/>\n<meta property=\"og:locale\" content=\"pt_BR\" \/>\n<meta property=\"og:type\" content=\"article\" \/>\n<meta property=\"og:title\" content=\"VII EMEM - Encontro Mineiro de Educa\u00e7\u00e3o Matem\u00e1tica - Eventos Acad\u00eamicos em Educa\u00e7\u00e3o e Educa\u00e7\u00e3o Matem\u00e1tica\" \/>\n<meta property=\"og:description\" content=\"VII EMEM &#8211; Encontro Mineiro de Educa\u00e7\u00e3o Matem\u00e1tica\u00a0 Local: Universidade Federal de Juiz de Fora. Data:\u00a009 a 12 de outubro de 2015. Submiss\u00e3o de trabalhos: 15 de Maio a 30 de Junho de 2015. Maiores\u00a0Informa\u00e7\u00f5es:\u00a0http:\u00a0\/\/www.ufjf.br\/emem\/2015\/04\/15\/submissao-de-trabalhos\/\" \/>\n<meta property=\"og:url\" content=\"http:\/\/blogs.multimeios.ufc.br\/eventosacademicos\/2015\/05\/13\/vii-emem-encontro-mineiro-de-educacao-matematica\/\" \/>\n<meta property=\"og:site_name\" content=\"Eventos Acad\u00eamicos em Educa\u00e7\u00e3o e Educa\u00e7\u00e3o Matem\u00e1tica\" \/>\n<meta property=\"article:published_time\" content=\"2015-05-13T18:24:47+00:00\" \/>\n<meta name=\"author\" content=\"marilia\" \/>\n<meta name=\"twitter:card\" content=\"summary_large_image\" \/>\n<meta name=\"twitter:label1\" content=\"Escrito por\" \/>\n\t<meta name=\"twitter:data1\" content=\"marilia\" \/>\n<script type=\"application\/ld+json\" class=\"yoast-schema-graph\">{\"@context\":\"https:\\\/\\\/schema.org\",\"@graph\":[{\"@type\":\"Article\",\"@id\":\"http:\\\/\\\/blogs.multimeios.ufc.br\\\/eventosacademicos\\\/2015\\\/05\\\/13\\\/vii-emem-encontro-mineiro-de-educacao-matematica\\\/#article\",\"isPartOf\":{\"@id\":\"http:\\\/\\\/blogs.multimeios.ufc.br\\\/eventosacademicos\\\/2015\\\/05\\\/13\\\/vii-emem-encontro-mineiro-de-educacao-matematica\\\/\"},\"author\":{\"name\":\"marilia\",\"@id\":\"https:\\\/\\\/blogs.multimeios.ufc.br\\\/eventosacademicos\\\/#\\\/schema\\\/person\\\/372cd49ff3f597f62ad2c0863ac0fe06\"},\"headline\":\"VII EMEM &#8211; Encontro Mineiro de Educa\u00e7\u00e3o Matem\u00e1tica\",\"datePublished\":\"2015-05-13T18:24:47+00:00\",\"mainEntityOfPage\":{\"@id\":\"http:\\\/\\\/blogs.multimeios.ufc.br\\\/eventosacademicos\\\/2015\\\/05\\\/13\\\/vii-emem-encontro-mineiro-de-educacao-matematica\\\/\"},\"wordCount\":51,\"commentCount\":0,\"inLanguage\":\"pt-BR\",\"potentialAction\":[{\"@type\":\"CommentAction\",\"name\":\"Comment\",\"target\":[\"http:\\\/\\\/blogs.multimeios.ufc.br\\\/eventosacademicos\\\/2015\\\/05\\\/13\\\/vii-emem-encontro-mineiro-de-educacao-matematica\\\/#respond\"]}]},{\"@type\":\"WebPage\",\"@id\":\"http:\\\/\\\/blogs.multimeios.ufc.br\\\/eventosacademicos\\\/2015\\\/05\\\/13\\\/vii-emem-encontro-mineiro-de-educacao-matematica\\\/\",\"url\":\"http:\\\/\\\/blogs.multimeios.ufc.br\\\/eventosacademicos\\\/2015\\\/05\\\/13\\\/vii-emem-encontro-mineiro-de-educacao-matematica\\\/\",\"name\":\"VII EMEM - Encontro Mineiro de Educa\u00e7\u00e3o Matem\u00e1tica - Eventos Acad\u00eamicos em Educa\u00e7\u00e3o e Educa\u00e7\u00e3o Matem\u00e1tica\",\"isPartOf\":{\"@id\":\"https:\\\/\\\/blogs.multimeios.ufc.br\\\/eventosacademicos\\\/#website\"},\"datePublished\":\"2015-05-13T18:24:47+00:00\",\"author\":{\"@id\":\"https:\\\/\\\/blogs.multimeios.ufc.br\\\/eventosacademicos\\\/#\\\/schema\\\/person\\\/372cd49ff3f597f62ad2c0863ac0fe06\"},\"breadcrumb\":{\"@id\":\"http:\\\/\\\/blogs.multimeios.ufc.br\\\/eventosacademicos\\\/2015\\\/05\\\/13\\\/vii-emem-encontro-mineiro-de-educacao-matematica\\\/#breadcrumb\"},\"inLanguage\":\"pt-BR\",\"potentialAction\":[{\"@type\":\"ReadAction\",\"target\":[\"http:\\\/\\\/blogs.multimeios.ufc.br\\\/eventosacademicos\\\/2015\\\/05\\\/13\\\/vii-emem-encontro-mineiro-de-educacao-matematica\\\/\"]}]},{\"@type\":\"BreadcrumbList\",\"@id\":\"http:\\\/\\\/blogs.multimeios.ufc.br\\\/eventosacademicos\\\/2015\\\/05\\\/13\\\/vii-emem-encontro-mineiro-de-educacao-matematica\\\/#breadcrumb\",\"itemListElement\":[{\"@type\":\"ListItem\",\"position\":1,\"name\":\"In\u00edcio\",\"item\":\"https:\\\/\\\/blogs.multimeios.ufc.br\\\/eventosacademicos\\\/\"},{\"@type\":\"ListItem\",\"position\":2,\"name\":\"VII EMEM &#8211; Encontro Mineiro de Educa\u00e7\u00e3o Matem\u00e1tica\"}]},{\"@type\":\"WebSite\",\"@id\":\"https:\\\/\\\/blogs.multimeios.ufc.br\\\/eventosacademicos\\\/#website\",\"url\":\"https:\\\/\\\/blogs.multimeios.ufc.br\\\/eventosacademicos\\\/\",\"name\":\"Eventos Acad\u00eamicos em Educa\u00e7\u00e3o e Educa\u00e7\u00e3o Matem\u00e1tica\",\"description\":\"S\u00f3 mais um site Blogs do MultiMeios\",\"potentialAction\":[{\"@type\":\"SearchAction\",\"target\":{\"@type\":\"EntryPoint\",\"urlTemplate\":\"https:\\\/\\\/blogs.multimeios.ufc.br\\\/eventosacademicos\\\/?s={search_term_string}\"},\"query-input\":{\"@type\":\"PropertyValueSpecification\",\"valueRequired\":true,\"valueName\":\"search_term_string\"}}],\"inLanguage\":\"pt-BR\"},{\"@type\":\"Person\",\"@id\":\"https:\\\/\\\/blogs.multimeios.ufc.br\\\/eventosacademicos\\\/#\\\/schema\\\/person\\\/372cd49ff3f597f62ad2c0863ac0fe06\",\"name\":\"marilia\",\"url\":\"https:\\\/\\\/blogs.multimeios.ufc.br\\\/eventosacademicos\\\/author\\\/marilia\\\/\"}]}<\/script>\n<!-- \/ Yoast SEO plugin. -->","yoast_head_json":{"title":"VII EMEM - Encontro Mineiro de Educa\u00e7\u00e3o Matem\u00e1tica - Eventos Acad\u00eamicos em Educa\u00e7\u00e3o e Educa\u00e7\u00e3o Matem\u00e1tica","robots":{"index":"index","follow":"follow","max-snippet":"max-snippet:-1","max-image-preview":"max-image-preview:large","max-video-preview":"max-video-preview:-1"},"canonical":"http:\/\/blogs.multimeios.ufc.br\/eventosacademicos\/2015\/05\/13\/vii-emem-encontro-mineiro-de-educacao-matematica\/","og_locale":"pt_BR","og_type":"article","og_title":"VII EMEM - Encontro Mineiro de Educa\u00e7\u00e3o Matem\u00e1tica - Eventos Acad\u00eamicos em Educa\u00e7\u00e3o e Educa\u00e7\u00e3o Matem\u00e1tica","og_description":"VII EMEM &#8211; Encontro Mineiro de Educa\u00e7\u00e3o Matem\u00e1tica\u00a0 Local: Universidade Federal de Juiz de Fora. Data:\u00a009 a 12 de outubro de 2015. Submiss\u00e3o de trabalhos: 15 de Maio a 30 de Junho de 2015. Maiores\u00a0Informa\u00e7\u00f5es:\u00a0http:\u00a0\/\/www.ufjf.br\/emem\/2015\/04\/15\/submissao-de-trabalhos\/","og_url":"http:\/\/blogs.multimeios.ufc.br\/eventosacademicos\/2015\/05\/13\/vii-emem-encontro-mineiro-de-educacao-matematica\/","og_site_name":"Eventos Acad\u00eamicos em Educa\u00e7\u00e3o e Educa\u00e7\u00e3o Matem\u00e1tica","article_published_time":"2015-05-13T18:24:47+00:00","author":"marilia","twitter_card":"summary_large_image","twitter_misc":{"Escrito por":"marilia"},"schema":{"@context":"https:\/\/schema.org","@graph":[{"@type":"Article","@id":"http:\/\/blogs.multimeios.ufc.br\/eventosacademicos\/2015\/05\/13\/vii-emem-encontro-mineiro-de-educacao-matematica\/#article","isPartOf":{"@id":"http:\/\/blogs.multimeios.ufc.br\/eventosacademicos\/2015\/05\/13\/vii-emem-encontro-mineiro-de-educacao-matematica\/"},"author":{"name":"marilia","@id":"https:\/\/blogs.multimeios.ufc.br\/eventosacademicos\/#\/schema\/person\/372cd49ff3f597f62ad2c0863ac0fe06"},"headline":"VII EMEM &#8211; Encontro Mineiro de Educa\u00e7\u00e3o Matem\u00e1tica","datePublished":"2015-05-13T18:24:47+00:00","mainEntityOfPage":{"@id":"http:\/\/blogs.multimeios.ufc.br\/eventosacademicos\/2015\/05\/13\/vii-emem-encontro-mineiro-de-educacao-matematica\/"},"wordCount":51,"commentCount":0,"inLanguage":"pt-BR","potentialAction":[{"@type":"CommentAction","name":"Comment","target":["http:\/\/blogs.multimeios.ufc.br\/eventosacademicos\/2015\/05\/13\/vii-emem-encontro-mineiro-de-educacao-matematica\/#respond"]}]},{"@type":"WebPage","@id":"http:\/\/blogs.multimeios.ufc.br\/eventosacademicos\/2015\/05\/13\/vii-emem-encontro-mineiro-de-educacao-matematica\/","url":"http:\/\/blogs.multimeios.ufc.br\/eventosacademicos\/2015\/05\/13\/vii-emem-encontro-mineiro-de-educacao-matematica\/","name":"VII EMEM - Encontro Mineiro de Educa\u00e7\u00e3o Matem\u00e1tica - Eventos Acad\u00eamicos em Educa\u00e7\u00e3o e Educa\u00e7\u00e3o Matem\u00e1tica","isPartOf":{"@id":"https:\/\/blogs.multimeios.ufc.br\/eventosacademicos\/#website"},"datePublished":"2015-05-13T18:24:47+00:00","author":{"@id":"https:\/\/blogs.multimeios.ufc.br\/eventosacademicos\/#\/schema\/person\/372cd49ff3f597f62ad2c0863ac0fe06"},"breadcrumb":{"@id":"http:\/\/blogs.multimeios.ufc.br\/eventosacademicos\/2015\/05\/13\/vii-emem-encontro-mineiro-de-educacao-matematica\/#breadcrumb"},"inLanguage":"pt-BR","potentialAction":[{"@type":"ReadAction","target":["http:\/\/blogs.multimeios.ufc.br\/eventosacademicos\/2015\/05\/13\/vii-emem-encontro-mineiro-de-educacao-matematica\/"]}]},{"@type":"BreadcrumbList","@id":"http:\/\/blogs.multimeios.ufc.br\/eventosacademicos\/2015\/05\/13\/vii-emem-encontro-mineiro-de-educacao-matematica\/#breadcrumb","itemListElement":[{"@type":"ListItem","position":1,"name":"In\u00edcio","item":"https:\/\/blogs.multimeios.ufc.br\/eventosacademicos\/"},{"@type":"ListItem","position":2,"name":"VII EMEM &#8211; Encontro Mineiro de Educa\u00e7\u00e3o Matem\u00e1tica"}]},{"@type":"WebSite","@id":"https:\/\/blogs.multimeios.ufc.br\/eventosacademicos\/#website","url":"https:\/\/blogs.multimeios.ufc.br\/eventosacademicos\/","name":"Eventos Acad\u00eamicos em Educa\u00e7\u00e3o e Educa\u00e7\u00e3o Matem\u00e1tica","description":"S\u00f3 mais um site Blogs do MultiMeios","potentialAction":[{"@type":"SearchAction","target":{"@type":"EntryPoint","urlTemplate":"https:\/\/blogs.multimeios.ufc.br\/eventosacademicos\/?s={search_term_string}"},"query-input":{"@type":"PropertyValueSpecification","valueRequired":true,"valueName":"search_term_string"}}],"inLanguage":"pt-BR"},{"@type":"Person","@id":"https:\/\/blogs.multimeios.ufc.br\/eventosacademicos\/#\/schema\/person\/372cd49ff3f597f62ad2c0863ac0fe06","name":"marilia","url":"https:\/\/blogs.multimeios.ufc.br\/eventosacademicos\/author\/marilia\/"}]}},"_links":{"self":[{"href":"https:\/\/blogs.multimeios.ufc.br\/eventosacademicos\/wp-json\/wp\/v2\/posts\/79","targetHints":{"allow":["GET"]}}],"collection":[{"href":"https:\/\/blogs.multimeios.ufc.br\/eventosacademicos\/wp-json\/wp\/v2\/posts"}],"about":[{"href":"https:\/\/blogs.multimeios.ufc.br\/eventosacademicos\/wp-json\/wp\/v2\/types\/post"}],"author":[{"embeddable":true,"href":"https:\/\/blogs.multimeios.ufc.br\/eventosacademicos\/wp-json\/wp\/v2\/users\/7"}],"replies":[{"embeddable":true,"href":"https:\/\/blogs.multimeios.ufc.br\/eventosacademicos\/wp-json\/wp\/v2\/comments?post=79"}],"version-history":[{"count":1,"href":"https:\/\/blogs.multimeios.ufc.br\/eventosacademicos\/wp-json\/wp\/v2\/posts\/79\/revisions"}],"predecessor-version":[{"id":81,"href":"https:\/\/blogs.multimeios.ufc.br\/eventosacademicos\/wp-json\/wp\/v2\/posts\/79\/revisions\/81"}],"wp:attachment":[{"href":"https:\/\/blogs.multimeios.ufc.br\/eventosacademicos\/wp-json\/wp\/v2\/media?parent=79"}],"wp:term":[{"taxonomy":"category","embeddable":true,"href":"https:\/\/blogs.multimeios.ufc.br\/eventosacademicos\/wp-json\/wp\/v2\/categories?post=79"},{"taxonomy":"post_tag","embeddable":true,"href":"https:\/\/blogs.multimeios.ufc.br\/eventosacademicos\/wp-json\/wp\/v2\/tags?post=79"}],"curies":[{"name":"wp","href":"https:\/\/api.w.org\/{rel}","templated":true}]}}