{"id":251,"date":"2023-05-08T17:02:57","date_gmt":"2023-05-08T20:02:57","guid":{"rendered":"http:\/\/blogs.multimeios.ufc.br\/gabrielleandrade\/?p=251"},"modified":"2025-01-17T22:34:42","modified_gmt":"2025-01-18T01:34:42","slug":"defesa-de-mestrado","status":"publish","type":"post","link":"https:\/\/blogs.multimeios.ufc.br\/gabrielleandrade\/2023\/05\/08\/defesa-de-mestrado\/","title":{"rendered":"Defesa de mestrado"},"content":{"rendered":"\n<p class=\"has-text-align-center\">Ol\u00e1, pessoal! Tudo bem? <\/p>\n\n\n\n<p class=\"has-text-align-center\">Passando para convid\u00e1-los para minha defesa de mestrado que acontecer\u00e1 dia 26\/05, \u00e0s 9h, no N\u00facleo de Pesquisas e Estudos Regionais, na Faculdade de Educa\u00e7\u00e3o da Universidade Federal do Cear\u00e1 (NUPER\/FACED\/UFC). <\/p>\n\n\n\n<p class=\"has-text-align-center\">Para saber mais, confiram o resumo da pesquisa abaixo da imagem. ;D<\/p>\n\n\n<div class=\"wp-block-image\">\n<figure class=\"aligncenter size-large is-resized\"><img fetchpriority=\"high\" decoding=\"async\" width=\"1024\" height=\"1024\" src=\"http:\/\/blogs.multimeios.ufc.br\/gabrielleandrade\/files\/2023\/05\/WhatsApp-Image-2023-05-08-at-16.51.31-2-1024x1024.jpeg\" alt=\"\" class=\"wp-image-258\" style=\"width:284px;height:auto\" srcset=\"https:\/\/blogs.multimeios.ufc.br\/gabrielleandrade\/files\/2023\/05\/WhatsApp-Image-2023-05-08-at-16.51.31-2-1024x1024.jpeg 1024w, https:\/\/blogs.multimeios.ufc.br\/gabrielleandrade\/files\/2023\/05\/WhatsApp-Image-2023-05-08-at-16.51.31-2-300x300.jpeg 300w, https:\/\/blogs.multimeios.ufc.br\/gabrielleandrade\/files\/2023\/05\/WhatsApp-Image-2023-05-08-at-16.51.31-2-150x150.jpeg 150w, https:\/\/blogs.multimeios.ufc.br\/gabrielleandrade\/files\/2023\/05\/WhatsApp-Image-2023-05-08-at-16.51.31-2-768x768.jpeg 768w, https:\/\/blogs.multimeios.ufc.br\/gabrielleandrade\/files\/2023\/05\/WhatsApp-Image-2023-05-08-at-16.51.31-2-730x730.jpeg 730w, https:\/\/blogs.multimeios.ufc.br\/gabrielleandrade\/files\/2023\/05\/WhatsApp-Image-2023-05-08-at-16.51.31-2.jpeg 1080w\" sizes=\"(max-width: 1024px) 100vw, 1024px\" \/><\/figure>\n<\/div>\n\n\n<p class=\"has-text-align-center\"><strong>RESUMO<\/strong><\/p>\n\n\n\n<div class=\"wp-block-group\"><div class=\"wp-block-group__inner-container is-layout-constrained wp-block-group-is-layout-constrained\">\n<p class=\"has-text-align-center\">Esta disserta\u00e7\u00e3o est\u00e1 inserida na \u00e1rea de Educa\u00e7\u00e3o, mais especificamente na Educa\u00e7\u00e3o a Dist\u00e2ncia e Educa\u00e7\u00e3o Matem\u00e1tica, e teve como principal objetivo apresentar a Sequ\u00eancia Fedathi como proposta de ensino para o curso de Licenciatura em Matem\u00e1tica do Programa Universidade Aberta do Brasil da Universidade Federal do Cear\u00e1 (UAB\/UFC). Esta \u00e9 uma pesquisa qualitativa e se caracteriza como estudo de caso, no qual o objeto de investiga\u00e7\u00e3o \u00e9 o referido curso de licenciatura. Inicialmente, buscamos identificar os aspectos formativos e metodol\u00f3gicos do curso investigado. Logo ap\u00f3s, descrevemos os aspectos formativos e metodol\u00f3gicos da EaD do Laborat\u00f3rio de Pesquisa Multimeios que tem como fundamento a Sequ\u00eancia Fedathi. E, em seguida, tecemos orienta\u00e7\u00f5es baseadas na Sequ\u00eancia Fedathi, que podem contribuir com a forma\u00e7\u00e3o de professores de Matem\u00e1tica da UAB\/UFC. Utilizamos as seguintes t\u00e9cnicas de coleta de dados: pesquisa documental, entrevista semiestruturada, pesquisa bibliogr\u00e1fica e observa\u00e7\u00e3o participante. Na pesquisa documental analisamos os documentos curriculares do curso, Projeto Pedag\u00f3gico do Curso (PPC) e programas de disciplinas, bem como, leis que versam sobre as normas e estrutura\u00e7\u00e3o da EaD, em especial no contexto da UAB. Na entrevista, conversamos com um professor que possui vasta experi\u00eancia no curso investigado. Na pesquisa bibliogr\u00e1fica realizamos uma revis\u00e3o narrativa sobre estudos e pesquisas j\u00e1 publicados a respeito da Sequ\u00eancia Fedathi no contexto desta pesquisa. E, a partir da observa\u00e7\u00e3o participante, relatamos sobre a EaD do Laborat\u00f3rio Multimeios. Por fim, apresentamos orienta\u00e7\u00f5es ao curso de Licenciatura em Matem\u00e1tica da UAB\/UFC. Os resultados revelaram a necessidade de reformular os documentos curriculares do curso, contemplando os atuais documentos que regem a Educa\u00e7\u00e3o Brasileira e outros aspectos evidenciados nesta pesquisa, como a inclus\u00e3o de m\u00e9todos e ferramentas de ensino para o aux\u00edlio da pr\u00e1tica docente. Dessa forma, conclu\u00edmos que a Sequ\u00eancia Fedathi pode contribuir tanto na pr\u00e1tica de professores e tutores, como na forma\u00e7\u00e3o te\u00f3rica e pr\u00e1tica dos alunos da Licenciatura em Matem\u00e1tica.<\/p>\n\n\n\n<p class=\"has-text-align-center\"><strong>Palavras-chave: <\/strong>Sequ\u00eancia Fedathi; Licenciatura em Matem\u00e1tica; Educa\u00e7\u00e3o a Dist\u00e2ncia.<\/p>\n<\/div><\/div>\n","protected":false},"excerpt":{"rendered":"<p>Ol\u00e1, pessoal! Tudo bem? Passando para convid\u00e1-los para minha defesa de mestrado que acontecer\u00e1 dia 26\/05, \u00e0s 9h, no N\u00facleo de Pesquisas e Estudos Regionais, na Faculdade de Educa\u00e7\u00e3o da Universidade Federal do Cear\u00e1 (NUPER\/FACED\/UFC). Para saber mais, confiram o &hellip; <a href=\"https:\/\/blogs.multimeios.ufc.br\/gabrielleandrade\/2023\/05\/08\/defesa-de-mestrado\/\">Continue lendo <span class=\"meta-nav\">&rarr;<\/span><\/a><\/p>\n","protected":false},"author":27,"featured_media":0,"comment_status":"open","ping_status":"open","sticky":false,"template":"","format":"standard","meta":{"footnotes":""},"categories":[1],"tags":[],"class_list":["post-251","post","type-post","status-publish","format-standard","hentry","category-noticias"],"yoast_head":"<!-- This site is optimized with the Yoast SEO plugin v27.4 - https:\/\/yoast.com\/product\/yoast-seo-wordpress\/ -->\n<title>Defesa de mestrado - Nicho acad\u00eamico - Gabrielle Andrade Pereira<\/title>\n<meta name=\"robots\" content=\"index, follow, max-snippet:-1, max-image-preview:large, max-video-preview:-1\" \/>\n<link rel=\"canonical\" href=\"https:\/\/blogs.multimeios.ufc.br\/gabrielleandrade\/2023\/05\/08\/defesa-de-mestrado\/\" \/>\n<meta property=\"og:locale\" content=\"pt_BR\" \/>\n<meta property=\"og:type\" content=\"article\" \/>\n<meta property=\"og:title\" content=\"Defesa de mestrado - Nicho acad\u00eamico - Gabrielle Andrade Pereira\" \/>\n<meta property=\"og:description\" content=\"Ol\u00e1, pessoal! Tudo bem? Passando para convid\u00e1-los para minha defesa de mestrado que acontecer\u00e1 dia 26\/05, \u00e0s 9h, no N\u00facleo de Pesquisas e Estudos Regionais, na Faculdade de Educa\u00e7\u00e3o da Universidade Federal do Cear\u00e1 (NUPER\/FACED\/UFC). Para saber mais, confiram o &hellip; Continue lendo &rarr;\" \/>\n<meta property=\"og:url\" content=\"https:\/\/blogs.multimeios.ufc.br\/gabrielleandrade\/2023\/05\/08\/defesa-de-mestrado\/\" \/>\n<meta property=\"og:site_name\" content=\"Nicho acad\u00eamico - Gabrielle Andrade Pereira\" \/>\n<meta property=\"article:published_time\" content=\"2023-05-08T20:02:57+00:00\" \/>\n<meta property=\"article:modified_time\" content=\"2025-01-18T01:34:42+00:00\" \/>\n<meta property=\"og:image\" content=\"http:\/\/blogs.multimeios.ufc.br\/gabrielleandrade\/files\/2023\/05\/WhatsApp-Image-2023-05-08-at-16.51.31-2-1024x1024.jpeg\" \/>\n<meta name=\"author\" content=\"gabrielleandradep\" \/>\n<meta name=\"twitter:card\" content=\"summary_large_image\" \/>\n<meta name=\"twitter:label1\" content=\"Escrito por\" \/>\n\t<meta name=\"twitter:data1\" content=\"gabrielleandradep\" \/>\n\t<meta name=\"twitter:label2\" content=\"Est. tempo de leitura\" \/>\n\t<meta name=\"twitter:data2\" content=\"3 minutos\" \/>\n<script type=\"application\/ld+json\" class=\"yoast-schema-graph\">{\"@context\":\"https:\\\/\\\/schema.org\",\"@graph\":[{\"@type\":\"Article\",\"@id\":\"https:\\\/\\\/blogs.multimeios.ufc.br\\\/gabrielleandrade\\\/2023\\\/05\\\/08\\\/defesa-de-mestrado\\\/#article\",\"isPartOf\":{\"@id\":\"https:\\\/\\\/blogs.multimeios.ufc.br\\\/gabrielleandrade\\\/2023\\\/05\\\/08\\\/defesa-de-mestrado\\\/\"},\"author\":{\"name\":\"gabrielleandradep\",\"@id\":\"https:\\\/\\\/blogs.multimeios.ufc.br\\\/gabrielleandrade\\\/#\\\/schema\\\/person\\\/a8993af2d33bd219a41701acfa93e52d\"},\"headline\":\"Defesa de mestrado\",\"datePublished\":\"2023-05-08T20:02:57+00:00\",\"dateModified\":\"2025-01-18T01:34:42+00:00\",\"mainEntityOfPage\":{\"@id\":\"https:\\\/\\\/blogs.multimeios.ufc.br\\\/gabrielleandrade\\\/2023\\\/05\\\/08\\\/defesa-de-mestrado\\\/\"},\"wordCount\":422,\"commentCount\":2,\"image\":{\"@id\":\"https:\\\/\\\/blogs.multimeios.ufc.br\\\/gabrielleandrade\\\/2023\\\/05\\\/08\\\/defesa-de-mestrado\\\/#primaryimage\"},\"thumbnailUrl\":\"http:\\\/\\\/blogs.multimeios.ufc.br\\\/gabrielleandrade\\\/files\\\/2023\\\/05\\\/WhatsApp-Image-2023-05-08-at-16.51.31-2-1024x1024.jpeg\",\"articleSection\":[\"Not\u00edcias\"],\"inLanguage\":\"pt-BR\",\"potentialAction\":[{\"@type\":\"CommentAction\",\"name\":\"Comment\",\"target\":[\"https:\\\/\\\/blogs.multimeios.ufc.br\\\/gabrielleandrade\\\/2023\\\/05\\\/08\\\/defesa-de-mestrado\\\/#respond\"]}]},{\"@type\":\"WebPage\",\"@id\":\"https:\\\/\\\/blogs.multimeios.ufc.br\\\/gabrielleandrade\\\/2023\\\/05\\\/08\\\/defesa-de-mestrado\\\/\",\"url\":\"https:\\\/\\\/blogs.multimeios.ufc.br\\\/gabrielleandrade\\\/2023\\\/05\\\/08\\\/defesa-de-mestrado\\\/\",\"name\":\"Defesa de mestrado - Nicho acad\u00eamico - Gabrielle Andrade Pereira\",\"isPartOf\":{\"@id\":\"https:\\\/\\\/blogs.multimeios.ufc.br\\\/gabrielleandrade\\\/#website\"},\"primaryImageOfPage\":{\"@id\":\"https:\\\/\\\/blogs.multimeios.ufc.br\\\/gabrielleandrade\\\/2023\\\/05\\\/08\\\/defesa-de-mestrado\\\/#primaryimage\"},\"image\":{\"@id\":\"https:\\\/\\\/blogs.multimeios.ufc.br\\\/gabrielleandrade\\\/2023\\\/05\\\/08\\\/defesa-de-mestrado\\\/#primaryimage\"},\"thumbnailUrl\":\"http:\\\/\\\/blogs.multimeios.ufc.br\\\/gabrielleandrade\\\/files\\\/2023\\\/05\\\/WhatsApp-Image-2023-05-08-at-16.51.31-2-1024x1024.jpeg\",\"datePublished\":\"2023-05-08T20:02:57+00:00\",\"dateModified\":\"2025-01-18T01:34:42+00:00\",\"author\":{\"@id\":\"https:\\\/\\\/blogs.multimeios.ufc.br\\\/gabrielleandrade\\\/#\\\/schema\\\/person\\\/a8993af2d33bd219a41701acfa93e52d\"},\"breadcrumb\":{\"@id\":\"https:\\\/\\\/blogs.multimeios.ufc.br\\\/gabrielleandrade\\\/2023\\\/05\\\/08\\\/defesa-de-mestrado\\\/#breadcrumb\"},\"inLanguage\":\"pt-BR\",\"potentialAction\":[{\"@type\":\"ReadAction\",\"target\":[\"https:\\\/\\\/blogs.multimeios.ufc.br\\\/gabrielleandrade\\\/2023\\\/05\\\/08\\\/defesa-de-mestrado\\\/\"]}]},{\"@type\":\"ImageObject\",\"inLanguage\":\"pt-BR\",\"@id\":\"https:\\\/\\\/blogs.multimeios.ufc.br\\\/gabrielleandrade\\\/2023\\\/05\\\/08\\\/defesa-de-mestrado\\\/#primaryimage\",\"url\":\"https:\\\/\\\/blogs.multimeios.ufc.br\\\/gabrielleandrade\\\/files\\\/2023\\\/05\\\/WhatsApp-Image-2023-05-08-at-16.51.31-2.jpeg\",\"contentUrl\":\"https:\\\/\\\/blogs.multimeios.ufc.br\\\/gabrielleandrade\\\/files\\\/2023\\\/05\\\/WhatsApp-Image-2023-05-08-at-16.51.31-2.jpeg\",\"width\":1080,\"height\":1080},{\"@type\":\"BreadcrumbList\",\"@id\":\"https:\\\/\\\/blogs.multimeios.ufc.br\\\/gabrielleandrade\\\/2023\\\/05\\\/08\\\/defesa-de-mestrado\\\/#breadcrumb\",\"itemListElement\":[{\"@type\":\"ListItem\",\"position\":1,\"name\":\"In\u00edcio\",\"item\":\"https:\\\/\\\/blogs.multimeios.ufc.br\\\/gabrielleandrade\\\/\"},{\"@type\":\"ListItem\",\"position\":2,\"name\":\"Defesa de mestrado\"}]},{\"@type\":\"WebSite\",\"@id\":\"https:\\\/\\\/blogs.multimeios.ufc.br\\\/gabrielleandrade\\\/#website\",\"url\":\"https:\\\/\\\/blogs.multimeios.ufc.br\\\/gabrielleandrade\\\/\",\"name\":\"Nicho acad\u00eamico - Gabrielle Andrade Pereira\",\"description\":\"\",\"potentialAction\":[{\"@type\":\"SearchAction\",\"target\":{\"@type\":\"EntryPoint\",\"urlTemplate\":\"https:\\\/\\\/blogs.multimeios.ufc.br\\\/gabrielleandrade\\\/?s={search_term_string}\"},\"query-input\":{\"@type\":\"PropertyValueSpecification\",\"valueRequired\":true,\"valueName\":\"search_term_string\"}}],\"inLanguage\":\"pt-BR\"},{\"@type\":\"Person\",\"@id\":\"https:\\\/\\\/blogs.multimeios.ufc.br\\\/gabrielleandrade\\\/#\\\/schema\\\/person\\\/a8993af2d33bd219a41701acfa93e52d\",\"name\":\"gabrielleandradep\",\"image\":{\"@type\":\"ImageObject\",\"inLanguage\":\"pt-BR\",\"@id\":\"https:\\\/\\\/secure.gravatar.com\\\/avatar\\\/01a7ae1eb3846cae80bff38ccf5f249ee601c3439d0e7d84a189cf90b75600a4?s=96&d=mm&r=g\",\"url\":\"https:\\\/\\\/secure.gravatar.com\\\/avatar\\\/01a7ae1eb3846cae80bff38ccf5f249ee601c3439d0e7d84a189cf90b75600a4?s=96&d=mm&r=g\",\"contentUrl\":\"https:\\\/\\\/secure.gravatar.com\\\/avatar\\\/01a7ae1eb3846cae80bff38ccf5f249ee601c3439d0e7d84a189cf90b75600a4?s=96&d=mm&r=g\",\"caption\":\"gabrielleandradep\"},\"url\":\"https:\\\/\\\/blogs.multimeios.ufc.br\\\/gabrielleandrade\\\/author\\\/gabrielle24\\\/\"}]}<\/script>\n<!-- \/ Yoast SEO plugin. -->","yoast_head_json":{"title":"Defesa de mestrado - Nicho acad\u00eamico - Gabrielle Andrade Pereira","robots":{"index":"index","follow":"follow","max-snippet":"max-snippet:-1","max-image-preview":"max-image-preview:large","max-video-preview":"max-video-preview:-1"},"canonical":"https:\/\/blogs.multimeios.ufc.br\/gabrielleandrade\/2023\/05\/08\/defesa-de-mestrado\/","og_locale":"pt_BR","og_type":"article","og_title":"Defesa de mestrado - Nicho acad\u00eamico - Gabrielle Andrade Pereira","og_description":"Ol\u00e1, pessoal! Tudo bem? Passando para convid\u00e1-los para minha defesa de mestrado que acontecer\u00e1 dia 26\/05, \u00e0s 9h, no N\u00facleo de Pesquisas e Estudos Regionais, na Faculdade de Educa\u00e7\u00e3o da Universidade Federal do Cear\u00e1 (NUPER\/FACED\/UFC). Para saber mais, confiram o &hellip; Continue lendo &rarr;","og_url":"https:\/\/blogs.multimeios.ufc.br\/gabrielleandrade\/2023\/05\/08\/defesa-de-mestrado\/","og_site_name":"Nicho acad\u00eamico - Gabrielle Andrade Pereira","article_published_time":"2023-05-08T20:02:57+00:00","article_modified_time":"2025-01-18T01:34:42+00:00","og_image":[{"url":"http:\/\/blogs.multimeios.ufc.br\/gabrielleandrade\/files\/2023\/05\/WhatsApp-Image-2023-05-08-at-16.51.31-2-1024x1024.jpeg","type":"","width":"","height":""}],"author":"gabrielleandradep","twitter_card":"summary_large_image","twitter_misc":{"Escrito por":"gabrielleandradep","Est. tempo de leitura":"3 minutos"},"schema":{"@context":"https:\/\/schema.org","@graph":[{"@type":"Article","@id":"https:\/\/blogs.multimeios.ufc.br\/gabrielleandrade\/2023\/05\/08\/defesa-de-mestrado\/#article","isPartOf":{"@id":"https:\/\/blogs.multimeios.ufc.br\/gabrielleandrade\/2023\/05\/08\/defesa-de-mestrado\/"},"author":{"name":"gabrielleandradep","@id":"https:\/\/blogs.multimeios.ufc.br\/gabrielleandrade\/#\/schema\/person\/a8993af2d33bd219a41701acfa93e52d"},"headline":"Defesa de mestrado","datePublished":"2023-05-08T20:02:57+00:00","dateModified":"2025-01-18T01:34:42+00:00","mainEntityOfPage":{"@id":"https:\/\/blogs.multimeios.ufc.br\/gabrielleandrade\/2023\/05\/08\/defesa-de-mestrado\/"},"wordCount":422,"commentCount":2,"image":{"@id":"https:\/\/blogs.multimeios.ufc.br\/gabrielleandrade\/2023\/05\/08\/defesa-de-mestrado\/#primaryimage"},"thumbnailUrl":"http:\/\/blogs.multimeios.ufc.br\/gabrielleandrade\/files\/2023\/05\/WhatsApp-Image-2023-05-08-at-16.51.31-2-1024x1024.jpeg","articleSection":["Not\u00edcias"],"inLanguage":"pt-BR","potentialAction":[{"@type":"CommentAction","name":"Comment","target":["https:\/\/blogs.multimeios.ufc.br\/gabrielleandrade\/2023\/05\/08\/defesa-de-mestrado\/#respond"]}]},{"@type":"WebPage","@id":"https:\/\/blogs.multimeios.ufc.br\/gabrielleandrade\/2023\/05\/08\/defesa-de-mestrado\/","url":"https:\/\/blogs.multimeios.ufc.br\/gabrielleandrade\/2023\/05\/08\/defesa-de-mestrado\/","name":"Defesa de mestrado - Nicho acad\u00eamico - Gabrielle Andrade Pereira","isPartOf":{"@id":"https:\/\/blogs.multimeios.ufc.br\/gabrielleandrade\/#website"},"primaryImageOfPage":{"@id":"https:\/\/blogs.multimeios.ufc.br\/gabrielleandrade\/2023\/05\/08\/defesa-de-mestrado\/#primaryimage"},"image":{"@id":"https:\/\/blogs.multimeios.ufc.br\/gabrielleandrade\/2023\/05\/08\/defesa-de-mestrado\/#primaryimage"},"thumbnailUrl":"http:\/\/blogs.multimeios.ufc.br\/gabrielleandrade\/files\/2023\/05\/WhatsApp-Image-2023-05-08-at-16.51.31-2-1024x1024.jpeg","datePublished":"2023-05-08T20:02:57+00:00","dateModified":"2025-01-18T01:34:42+00:00","author":{"@id":"https:\/\/blogs.multimeios.ufc.br\/gabrielleandrade\/#\/schema\/person\/a8993af2d33bd219a41701acfa93e52d"},"breadcrumb":{"@id":"https:\/\/blogs.multimeios.ufc.br\/gabrielleandrade\/2023\/05\/08\/defesa-de-mestrado\/#breadcrumb"},"inLanguage":"pt-BR","potentialAction":[{"@type":"ReadAction","target":["https:\/\/blogs.multimeios.ufc.br\/gabrielleandrade\/2023\/05\/08\/defesa-de-mestrado\/"]}]},{"@type":"ImageObject","inLanguage":"pt-BR","@id":"https:\/\/blogs.multimeios.ufc.br\/gabrielleandrade\/2023\/05\/08\/defesa-de-mestrado\/#primaryimage","url":"https:\/\/blogs.multimeios.ufc.br\/gabrielleandrade\/files\/2023\/05\/WhatsApp-Image-2023-05-08-at-16.51.31-2.jpeg","contentUrl":"https:\/\/blogs.multimeios.ufc.br\/gabrielleandrade\/files\/2023\/05\/WhatsApp-Image-2023-05-08-at-16.51.31-2.jpeg","width":1080,"height":1080},{"@type":"BreadcrumbList","@id":"https:\/\/blogs.multimeios.ufc.br\/gabrielleandrade\/2023\/05\/08\/defesa-de-mestrado\/#breadcrumb","itemListElement":[{"@type":"ListItem","position":1,"name":"In\u00edcio","item":"https:\/\/blogs.multimeios.ufc.br\/gabrielleandrade\/"},{"@type":"ListItem","position":2,"name":"Defesa de mestrado"}]},{"@type":"WebSite","@id":"https:\/\/blogs.multimeios.ufc.br\/gabrielleandrade\/#website","url":"https:\/\/blogs.multimeios.ufc.br\/gabrielleandrade\/","name":"Nicho acad\u00eamico - Gabrielle Andrade Pereira","description":"","potentialAction":[{"@type":"SearchAction","target":{"@type":"EntryPoint","urlTemplate":"https:\/\/blogs.multimeios.ufc.br\/gabrielleandrade\/?s={search_term_string}"},"query-input":{"@type":"PropertyValueSpecification","valueRequired":true,"valueName":"search_term_string"}}],"inLanguage":"pt-BR"},{"@type":"Person","@id":"https:\/\/blogs.multimeios.ufc.br\/gabrielleandrade\/#\/schema\/person\/a8993af2d33bd219a41701acfa93e52d","name":"gabrielleandradep","image":{"@type":"ImageObject","inLanguage":"pt-BR","@id":"https:\/\/secure.gravatar.com\/avatar\/01a7ae1eb3846cae80bff38ccf5f249ee601c3439d0e7d84a189cf90b75600a4?s=96&d=mm&r=g","url":"https:\/\/secure.gravatar.com\/avatar\/01a7ae1eb3846cae80bff38ccf5f249ee601c3439d0e7d84a189cf90b75600a4?s=96&d=mm&r=g","contentUrl":"https:\/\/secure.gravatar.com\/avatar\/01a7ae1eb3846cae80bff38ccf5f249ee601c3439d0e7d84a189cf90b75600a4?s=96&d=mm&r=g","caption":"gabrielleandradep"},"url":"https:\/\/blogs.multimeios.ufc.br\/gabrielleandrade\/author\/gabrielle24\/"}]}},"_links":{"self":[{"href":"https:\/\/blogs.multimeios.ufc.br\/gabrielleandrade\/wp-json\/wp\/v2\/posts\/251","targetHints":{"allow":["GET"]}}],"collection":[{"href":"https:\/\/blogs.multimeios.ufc.br\/gabrielleandrade\/wp-json\/wp\/v2\/posts"}],"about":[{"href":"https:\/\/blogs.multimeios.ufc.br\/gabrielleandrade\/wp-json\/wp\/v2\/types\/post"}],"author":[{"embeddable":true,"href":"https:\/\/blogs.multimeios.ufc.br\/gabrielleandrade\/wp-json\/wp\/v2\/users\/27"}],"replies":[{"embeddable":true,"href":"https:\/\/blogs.multimeios.ufc.br\/gabrielleandrade\/wp-json\/wp\/v2\/comments?post=251"}],"version-history":[{"count":15,"href":"https:\/\/blogs.multimeios.ufc.br\/gabrielleandrade\/wp-json\/wp\/v2\/posts\/251\/revisions"}],"predecessor-version":[{"id":402,"href":"https:\/\/blogs.multimeios.ufc.br\/gabrielleandrade\/wp-json\/wp\/v2\/posts\/251\/revisions\/402"}],"wp:attachment":[{"href":"https:\/\/blogs.multimeios.ufc.br\/gabrielleandrade\/wp-json\/wp\/v2\/media?parent=251"}],"wp:term":[{"taxonomy":"category","embeddable":true,"href":"https:\/\/blogs.multimeios.ufc.br\/gabrielleandrade\/wp-json\/wp\/v2\/categories?post=251"},{"taxonomy":"post_tag","embeddable":true,"href":"https:\/\/blogs.multimeios.ufc.br\/gabrielleandrade\/wp-json\/wp\/v2\/tags?post=251"}],"curies":[{"name":"wp","href":"https:\/\/api.w.org\/{rel}","templated":true}]}}