{"id":25,"date":"2017-05-24T16:59:59","date_gmt":"2017-05-24T19:59:59","guid":{"rendered":"http:\/\/blogs.multimeios.ufc.br\/lhec\/?p=25"},"modified":"2017-05-24T16:59:59","modified_gmt":"2017-05-24T19:59:59","slug":"ifce-realiza-encerramento-do-curso-joao-dos-santos-em-parceria-com-ufc","status":"publish","type":"post","link":"https:\/\/blogs.multimeios.ufc.br\/lhec\/2017\/05\/24\/ifce-realiza-encerramento-do-curso-joao-dos-santos-em-parceria-com-ufc\/","title":{"rendered":"IFCE realiza encerramento do \u201cCurso Jo\u00e3o dos Santos\u201d em parceria com\u00a0UFC"},"content":{"rendered":"<p style=\"background: white;text-align: justify\"><span style=\"font-family: 'Arial','sans-serif';color: #333333\">No dia 21 de dezembro, \u00e0s 18h, no audit\u00f3rio do Instituto Federal do Cear\u00e1 (IFCE), ser\u00e1 realizado o encerramento do curso a dist\u00e2ncia Introdu\u00e7\u00e3o ao Pensamento de Jo\u00e3o dos Santos: Estudos Sobre a Pedagogia terap\u00eautica.<br \/>\nO curso foi realizado atrav\u00e9s de uma parceria entre a Universidade Federal do Cear\u00e1 (UFC) e o IFCE. O evento de encerramento contar\u00e1 com uma programa\u00e7\u00e3o diversificada, onde os participantes apreciar\u00e3o uma apresenta\u00e7\u00e3o musical da musicista Patr\u00edcia Veloso, com um repert\u00f3rio que vai de Luiz Gonzaga a Tom Jobim.<br \/>\nAp\u00f3s a apresenta\u00e7\u00e3o musical, ser\u00e1 exibido um filme elaborado pela professora Rosane Serra, membro da coordena\u00e7\u00e3o pedag\u00f3gica do curso. Em seguida, ser\u00e1 feita a leitura do cap\u00edtulo do livro \u201cSe n\u00e3o sabe porque \u00e9 que pergunta?: conversa com Jo\u00e3o Sousa Monteiro\u201d, que \u00e9 t\u00edtulo do programa de r\u00e1dio feito pelo Dr. Jo\u00e3o dos Santos com o Doutor Jo\u00e3o Sousa Monteiro, que consistia em uma conversa semanal sobre tem\u00e1ticas diversas.<\/span><\/p>\n<p style=\"background: white;text-align: justify\"><span style=\"font-family: 'Arial','sans-serif';color: #333333\">Fonte:<\/span><span style=\"font-family: 'Arial','sans-serif'\">\u00a0<span style=\"color: #333333\"><a href=\"http:\/\/ifce.edu.br\/ead\/noticias\/ifce-realiza-encerramento-de-curso-em-parceria-com-ufc\"><span style=\"color: #333333;text-decoration: none\">http:\/\/ifce.edu.br\/ead\/noticias\/ifce-realiza-encerramento-de-curso-em-parceria-com-ufc<\/span><\/a><\/span><\/span><\/p>\n","protected":false},"excerpt":{"rendered":"<p>No dia 21 de dezembro, \u00e0s 18h, no audit\u00f3rio do Instituto Federal do Cear\u00e1 (IFCE), ser\u00e1 realizado o encerramento do curso a dist\u00e2ncia Introdu\u00e7\u00e3o ao Pensamento de Jo\u00e3o dos Santos: Estudos Sobre a Pedagogia terap\u00eautica. O curso foi realizado atrav\u00e9s de uma parceria entre a Universidade Federal do Cear\u00e1 (UFC) e o IFCE. O evento [&hellip;]<\/p>\n","protected":false},"author":17,"featured_media":0,"comment_status":"open","ping_status":"open","sticky":false,"template":"","format":"standard","meta":{"footnotes":""},"categories":[2],"tags":[3],"class_list":["post-25","post","type-post","status-publish","format-standard","hentry","category-curso-joao-dos-santos","tag-curso-joao-dos-santos"],"yoast_head":"<!-- This site is optimized with the Yoast SEO plugin v27.5 - https:\/\/yoast.com\/product\/yoast-seo-wordpress\/ -->\n<title>IFCE realiza encerramento do \u201cCurso Jo\u00e3o dos Santos\u201d em parceria com\u00a0UFC - Hist\u00f3ria e Educa\u00e7\u00e3o Comparada<\/title>\n<meta name=\"robots\" content=\"index, follow, max-snippet:-1, max-image-preview:large, max-video-preview:-1\" \/>\n<link rel=\"canonical\" href=\"https:\/\/blogs.multimeios.ufc.br\/lhec\/2017\/05\/24\/ifce-realiza-encerramento-do-curso-joao-dos-santos-em-parceria-com-ufc\/\" \/>\n<meta property=\"og:locale\" content=\"pt_BR\" \/>\n<meta property=\"og:type\" content=\"article\" \/>\n<meta property=\"og:title\" content=\"IFCE realiza encerramento do \u201cCurso Jo\u00e3o dos Santos\u201d em parceria com\u00a0UFC - Hist\u00f3ria e Educa\u00e7\u00e3o Comparada\" \/>\n<meta property=\"og:description\" content=\"No dia 21 de dezembro, \u00e0s 18h, no audit\u00f3rio do Instituto Federal do Cear\u00e1 (IFCE), ser\u00e1 realizado o encerramento do curso a dist\u00e2ncia Introdu\u00e7\u00e3o ao Pensamento de Jo\u00e3o dos Santos: Estudos Sobre a Pedagogia terap\u00eautica. O curso foi realizado atrav\u00e9s de uma parceria entre a Universidade Federal do Cear\u00e1 (UFC) e o IFCE. O evento [&hellip;]\" \/>\n<meta property=\"og:url\" content=\"https:\/\/blogs.multimeios.ufc.br\/lhec\/2017\/05\/24\/ifce-realiza-encerramento-do-curso-joao-dos-santos-em-parceria-com-ufc\/\" \/>\n<meta property=\"og:site_name\" content=\"Hist\u00f3ria e Educa\u00e7\u00e3o Comparada\" \/>\n<meta property=\"article:published_time\" content=\"2017-05-24T19:59:59+00:00\" \/>\n<meta name=\"author\" content=\"Weslley Lima\" \/>\n<meta name=\"twitter:card\" content=\"summary_large_image\" \/>\n<meta name=\"twitter:label1\" content=\"Escrito por\" \/>\n\t<meta name=\"twitter:data1\" content=\"Weslley Lima\" \/>\n\t<meta name=\"twitter:label2\" content=\"Est. tempo de leitura\" \/>\n\t<meta name=\"twitter:data2\" content=\"1 minuto\" \/>\n<script type=\"application\/ld+json\" class=\"yoast-schema-graph\">{\"@context\":\"https:\\\/\\\/schema.org\",\"@graph\":[{\"@type\":\"Article\",\"@id\":\"https:\\\/\\\/blogs.multimeios.ufc.br\\\/lhec\\\/2017\\\/05\\\/24\\\/ifce-realiza-encerramento-do-curso-joao-dos-santos-em-parceria-com-ufc\\\/#article\",\"isPartOf\":{\"@id\":\"https:\\\/\\\/blogs.multimeios.ufc.br\\\/lhec\\\/2017\\\/05\\\/24\\\/ifce-realiza-encerramento-do-curso-joao-dos-santos-em-parceria-com-ufc\\\/\"},\"author\":{\"name\":\"Weslley Lima\",\"@id\":\"https:\\\/\\\/blogs.multimeios.ufc.br\\\/lhec\\\/#\\\/schema\\\/person\\\/589ed716013eea11c47afe81edb2afde\"},\"headline\":\"IFCE realiza encerramento do \u201cCurso Jo\u00e3o dos Santos\u201d em parceria com\u00a0UFC\",\"datePublished\":\"2017-05-24T19:59:59+00:00\",\"mainEntityOfPage\":{\"@id\":\"https:\\\/\\\/blogs.multimeios.ufc.br\\\/lhec\\\/2017\\\/05\\\/24\\\/ifce-realiza-encerramento-do-curso-joao-dos-santos-em-parceria-com-ufc\\\/\"},\"wordCount\":194,\"commentCount\":0,\"keywords\":[\"Curso Jo\u00e3o dos Santos\"],\"articleSection\":[\"Curso Jo\u00e3o dos Santos\"],\"inLanguage\":\"pt-BR\",\"potentialAction\":[{\"@type\":\"CommentAction\",\"name\":\"Comment\",\"target\":[\"https:\\\/\\\/blogs.multimeios.ufc.br\\\/lhec\\\/2017\\\/05\\\/24\\\/ifce-realiza-encerramento-do-curso-joao-dos-santos-em-parceria-com-ufc\\\/#respond\"]}]},{\"@type\":\"WebPage\",\"@id\":\"https:\\\/\\\/blogs.multimeios.ufc.br\\\/lhec\\\/2017\\\/05\\\/24\\\/ifce-realiza-encerramento-do-curso-joao-dos-santos-em-parceria-com-ufc\\\/\",\"url\":\"https:\\\/\\\/blogs.multimeios.ufc.br\\\/lhec\\\/2017\\\/05\\\/24\\\/ifce-realiza-encerramento-do-curso-joao-dos-santos-em-parceria-com-ufc\\\/\",\"name\":\"IFCE realiza encerramento do \u201cCurso Jo\u00e3o dos Santos\u201d em parceria com\u00a0UFC - Hist\u00f3ria e Educa\u00e7\u00e3o Comparada\",\"isPartOf\":{\"@id\":\"https:\\\/\\\/blogs.multimeios.ufc.br\\\/lhec\\\/#website\"},\"datePublished\":\"2017-05-24T19:59:59+00:00\",\"author\":{\"@id\":\"https:\\\/\\\/blogs.multimeios.ufc.br\\\/lhec\\\/#\\\/schema\\\/person\\\/589ed716013eea11c47afe81edb2afde\"},\"breadcrumb\":{\"@id\":\"https:\\\/\\\/blogs.multimeios.ufc.br\\\/lhec\\\/2017\\\/05\\\/24\\\/ifce-realiza-encerramento-do-curso-joao-dos-santos-em-parceria-com-ufc\\\/#breadcrumb\"},\"inLanguage\":\"pt-BR\",\"potentialAction\":[{\"@type\":\"ReadAction\",\"target\":[\"https:\\\/\\\/blogs.multimeios.ufc.br\\\/lhec\\\/2017\\\/05\\\/24\\\/ifce-realiza-encerramento-do-curso-joao-dos-santos-em-parceria-com-ufc\\\/\"]}]},{\"@type\":\"BreadcrumbList\",\"@id\":\"https:\\\/\\\/blogs.multimeios.ufc.br\\\/lhec\\\/2017\\\/05\\\/24\\\/ifce-realiza-encerramento-do-curso-joao-dos-santos-em-parceria-com-ufc\\\/#breadcrumb\",\"itemListElement\":[{\"@type\":\"ListItem\",\"position\":1,\"name\":\"In\u00edcio\",\"item\":\"https:\\\/\\\/blogs.multimeios.ufc.br\\\/lhec\\\/\"},{\"@type\":\"ListItem\",\"position\":2,\"name\":\"IFCE realiza encerramento do \u201cCurso Jo\u00e3o dos Santos\u201d em parceria com\u00a0UFC\"}]},{\"@type\":\"WebSite\",\"@id\":\"https:\\\/\\\/blogs.multimeios.ufc.br\\\/lhec\\\/#website\",\"url\":\"https:\\\/\\\/blogs.multimeios.ufc.br\\\/lhec\\\/\",\"name\":\"Hist\u00f3ria e Educa\u00e7\u00e3o Comparada\",\"description\":\"Site da Linha de Pesquisa em Hist\u00f3ria e Educa\u00e7\u00e3o Comparada da FACED-UFC\",\"potentialAction\":[{\"@type\":\"SearchAction\",\"target\":{\"@type\":\"EntryPoint\",\"urlTemplate\":\"https:\\\/\\\/blogs.multimeios.ufc.br\\\/lhec\\\/?s={search_term_string}\"},\"query-input\":{\"@type\":\"PropertyValueSpecification\",\"valueRequired\":true,\"valueName\":\"search_term_string\"}}],\"inLanguage\":\"pt-BR\"},{\"@type\":\"Person\",\"@id\":\"https:\\\/\\\/blogs.multimeios.ufc.br\\\/lhec\\\/#\\\/schema\\\/person\\\/589ed716013eea11c47afe81edb2afde\",\"name\":\"Weslley Lima\",\"image\":{\"@type\":\"ImageObject\",\"inLanguage\":\"pt-BR\",\"@id\":\"https:\\\/\\\/secure.gravatar.com\\\/avatar\\\/3b7adef59412a436a206c14fe7198508394fc15ef81e117447c18660e2beeea5?s=96&d=mm&r=g\",\"url\":\"https:\\\/\\\/secure.gravatar.com\\\/avatar\\\/3b7adef59412a436a206c14fe7198508394fc15ef81e117447c18660e2beeea5?s=96&d=mm&r=g\",\"contentUrl\":\"https:\\\/\\\/secure.gravatar.com\\\/avatar\\\/3b7adef59412a436a206c14fe7198508394fc15ef81e117447c18660e2beeea5?s=96&d=mm&r=g\",\"caption\":\"Weslley Lima\"},\"url\":\"https:\\\/\\\/blogs.multimeios.ufc.br\\\/lhec\\\/author\\\/weslley\\\/\"}]}<\/script>\n<!-- \/ Yoast SEO plugin. -->","yoast_head_json":{"title":"IFCE realiza encerramento do \u201cCurso Jo\u00e3o dos Santos\u201d em parceria com\u00a0UFC - Hist\u00f3ria e Educa\u00e7\u00e3o Comparada","robots":{"index":"index","follow":"follow","max-snippet":"max-snippet:-1","max-image-preview":"max-image-preview:large","max-video-preview":"max-video-preview:-1"},"canonical":"https:\/\/blogs.multimeios.ufc.br\/lhec\/2017\/05\/24\/ifce-realiza-encerramento-do-curso-joao-dos-santos-em-parceria-com-ufc\/","og_locale":"pt_BR","og_type":"article","og_title":"IFCE realiza encerramento do \u201cCurso Jo\u00e3o dos Santos\u201d em parceria com\u00a0UFC - Hist\u00f3ria e Educa\u00e7\u00e3o Comparada","og_description":"No dia 21 de dezembro, \u00e0s 18h, no audit\u00f3rio do Instituto Federal do Cear\u00e1 (IFCE), ser\u00e1 realizado o encerramento do curso a dist\u00e2ncia Introdu\u00e7\u00e3o ao Pensamento de Jo\u00e3o dos Santos: Estudos Sobre a Pedagogia terap\u00eautica. O curso foi realizado atrav\u00e9s de uma parceria entre a Universidade Federal do Cear\u00e1 (UFC) e o IFCE. O evento [&hellip;]","og_url":"https:\/\/blogs.multimeios.ufc.br\/lhec\/2017\/05\/24\/ifce-realiza-encerramento-do-curso-joao-dos-santos-em-parceria-com-ufc\/","og_site_name":"Hist\u00f3ria e Educa\u00e7\u00e3o Comparada","article_published_time":"2017-05-24T19:59:59+00:00","author":"Weslley Lima","twitter_card":"summary_large_image","twitter_misc":{"Escrito por":"Weslley Lima","Est. tempo de leitura":"1 minuto"},"schema":{"@context":"https:\/\/schema.org","@graph":[{"@type":"Article","@id":"https:\/\/blogs.multimeios.ufc.br\/lhec\/2017\/05\/24\/ifce-realiza-encerramento-do-curso-joao-dos-santos-em-parceria-com-ufc\/#article","isPartOf":{"@id":"https:\/\/blogs.multimeios.ufc.br\/lhec\/2017\/05\/24\/ifce-realiza-encerramento-do-curso-joao-dos-santos-em-parceria-com-ufc\/"},"author":{"name":"Weslley Lima","@id":"https:\/\/blogs.multimeios.ufc.br\/lhec\/#\/schema\/person\/589ed716013eea11c47afe81edb2afde"},"headline":"IFCE realiza encerramento do \u201cCurso Jo\u00e3o dos Santos\u201d em parceria com\u00a0UFC","datePublished":"2017-05-24T19:59:59+00:00","mainEntityOfPage":{"@id":"https:\/\/blogs.multimeios.ufc.br\/lhec\/2017\/05\/24\/ifce-realiza-encerramento-do-curso-joao-dos-santos-em-parceria-com-ufc\/"},"wordCount":194,"commentCount":0,"keywords":["Curso Jo\u00e3o dos Santos"],"articleSection":["Curso Jo\u00e3o dos Santos"],"inLanguage":"pt-BR","potentialAction":[{"@type":"CommentAction","name":"Comment","target":["https:\/\/blogs.multimeios.ufc.br\/lhec\/2017\/05\/24\/ifce-realiza-encerramento-do-curso-joao-dos-santos-em-parceria-com-ufc\/#respond"]}]},{"@type":"WebPage","@id":"https:\/\/blogs.multimeios.ufc.br\/lhec\/2017\/05\/24\/ifce-realiza-encerramento-do-curso-joao-dos-santos-em-parceria-com-ufc\/","url":"https:\/\/blogs.multimeios.ufc.br\/lhec\/2017\/05\/24\/ifce-realiza-encerramento-do-curso-joao-dos-santos-em-parceria-com-ufc\/","name":"IFCE realiza encerramento do \u201cCurso Jo\u00e3o dos Santos\u201d em parceria com\u00a0UFC - Hist\u00f3ria e Educa\u00e7\u00e3o Comparada","isPartOf":{"@id":"https:\/\/blogs.multimeios.ufc.br\/lhec\/#website"},"datePublished":"2017-05-24T19:59:59+00:00","author":{"@id":"https:\/\/blogs.multimeios.ufc.br\/lhec\/#\/schema\/person\/589ed716013eea11c47afe81edb2afde"},"breadcrumb":{"@id":"https:\/\/blogs.multimeios.ufc.br\/lhec\/2017\/05\/24\/ifce-realiza-encerramento-do-curso-joao-dos-santos-em-parceria-com-ufc\/#breadcrumb"},"inLanguage":"pt-BR","potentialAction":[{"@type":"ReadAction","target":["https:\/\/blogs.multimeios.ufc.br\/lhec\/2017\/05\/24\/ifce-realiza-encerramento-do-curso-joao-dos-santos-em-parceria-com-ufc\/"]}]},{"@type":"BreadcrumbList","@id":"https:\/\/blogs.multimeios.ufc.br\/lhec\/2017\/05\/24\/ifce-realiza-encerramento-do-curso-joao-dos-santos-em-parceria-com-ufc\/#breadcrumb","itemListElement":[{"@type":"ListItem","position":1,"name":"In\u00edcio","item":"https:\/\/blogs.multimeios.ufc.br\/lhec\/"},{"@type":"ListItem","position":2,"name":"IFCE realiza encerramento do \u201cCurso Jo\u00e3o dos Santos\u201d em parceria com\u00a0UFC"}]},{"@type":"WebSite","@id":"https:\/\/blogs.multimeios.ufc.br\/lhec\/#website","url":"https:\/\/blogs.multimeios.ufc.br\/lhec\/","name":"Hist\u00f3ria e Educa\u00e7\u00e3o Comparada","description":"Site da Linha de Pesquisa em Hist\u00f3ria e Educa\u00e7\u00e3o Comparada da FACED-UFC","potentialAction":[{"@type":"SearchAction","target":{"@type":"EntryPoint","urlTemplate":"https:\/\/blogs.multimeios.ufc.br\/lhec\/?s={search_term_string}"},"query-input":{"@type":"PropertyValueSpecification","valueRequired":true,"valueName":"search_term_string"}}],"inLanguage":"pt-BR"},{"@type":"Person","@id":"https:\/\/blogs.multimeios.ufc.br\/lhec\/#\/schema\/person\/589ed716013eea11c47afe81edb2afde","name":"Weslley Lima","image":{"@type":"ImageObject","inLanguage":"pt-BR","@id":"https:\/\/secure.gravatar.com\/avatar\/3b7adef59412a436a206c14fe7198508394fc15ef81e117447c18660e2beeea5?s=96&d=mm&r=g","url":"https:\/\/secure.gravatar.com\/avatar\/3b7adef59412a436a206c14fe7198508394fc15ef81e117447c18660e2beeea5?s=96&d=mm&r=g","contentUrl":"https:\/\/secure.gravatar.com\/avatar\/3b7adef59412a436a206c14fe7198508394fc15ef81e117447c18660e2beeea5?s=96&d=mm&r=g","caption":"Weslley Lima"},"url":"https:\/\/blogs.multimeios.ufc.br\/lhec\/author\/weslley\/"}]}},"_links":{"self":[{"href":"https:\/\/blogs.multimeios.ufc.br\/lhec\/wp-json\/wp\/v2\/posts\/25","targetHints":{"allow":["GET"]}}],"collection":[{"href":"https:\/\/blogs.multimeios.ufc.br\/lhec\/wp-json\/wp\/v2\/posts"}],"about":[{"href":"https:\/\/blogs.multimeios.ufc.br\/lhec\/wp-json\/wp\/v2\/types\/post"}],"author":[{"embeddable":true,"href":"https:\/\/blogs.multimeios.ufc.br\/lhec\/wp-json\/wp\/v2\/users\/17"}],"replies":[{"embeddable":true,"href":"https:\/\/blogs.multimeios.ufc.br\/lhec\/wp-json\/wp\/v2\/comments?post=25"}],"version-history":[{"count":1,"href":"https:\/\/blogs.multimeios.ufc.br\/lhec\/wp-json\/wp\/v2\/posts\/25\/revisions"}],"predecessor-version":[{"id":26,"href":"https:\/\/blogs.multimeios.ufc.br\/lhec\/wp-json\/wp\/v2\/posts\/25\/revisions\/26"}],"wp:attachment":[{"href":"https:\/\/blogs.multimeios.ufc.br\/lhec\/wp-json\/wp\/v2\/media?parent=25"}],"wp:term":[{"taxonomy":"category","embeddable":true,"href":"https:\/\/blogs.multimeios.ufc.br\/lhec\/wp-json\/wp\/v2\/categories?post=25"},{"taxonomy":"post_tag","embeddable":true,"href":"https:\/\/blogs.multimeios.ufc.br\/lhec\/wp-json\/wp\/v2\/tags?post=25"}],"curies":[{"name":"wp","href":"https:\/\/api.w.org\/{rel}","templated":true}]}}