{"id":15,"date":"2013-12-03T17:22:26","date_gmt":"2013-12-03T17:22:26","guid":{"rendered":"http:\/\/blogs.multimeios.ufc.br\/regina\/?p=15"},"modified":"2024-05-03T00:02:06","modified_gmt":"2024-05-03T00:02:06","slug":"artigo-interacao-no-ambiente-moodle-a-relacao-intersubjetiva-dos-sujeitos-para-o-fortalecimento-da-ead","status":"publish","type":"post","link":"https:\/\/blogs.multimeios.ufc.br\/regina\/2013\/12\/03\/artigo-interacao-no-ambiente-moodle-a-relacao-intersubjetiva-dos-sujeitos-para-o-fortalecimento-da-ead\/","title":{"rendered":"Artigo: Intera\u00e7\u00e3o no ambiente MOODLE: a rela\u00e7\u00e3o intersubjetiva dos sujeitos para o fortalecimento da EAD"},"content":{"rendered":"<p><img decoding=\"async\" class=\"aligncenter\" src=\"http:\/\/www.anped.org.br\/34reuniao\/images\/stories\/34anped.png\" alt=\"\" border=\"0\" \/><\/p>\n<p>T\u00edtulo: <span style=\"color: #000080\"><strong>Intera\u00e7\u00e3o no ambiente MOODLE: a rela\u00e7\u00e3o intersubjetiva dos sujeitos para o fortalecimento da EAD<\/strong><\/span><\/p>\n<div>\n<div dir=\"ltr\">Regina Santos Young\u2013 UFC<\/div>\n<div dir=\"ltr\">Janete Barroso Batista \u2013 UFC<\/div>\n<div dir=\"ltr\">Daniel Capelo Borges\u2013 UFC<\/div>\n<div dir=\"ltr\">Herm\u00ednio Borges Neto\u2013 UFC<\/div>\n<div dir=\"ltr\"><\/div>\n<div dir=\"ltr\"><\/div>\n<div style=\"text-align: left\" dir=\"ltr\">Este artigo apresenta resultados de uma pesquisa realizada numa disciplina desenvolvida na modalidade a dist\u00e2ncia e teve com o objetivo identificar e analisar os espa\u00e7os e recursos utilizados em um Ambiente Virtual de Ensino (AVE) que contribu\u00edram para intera\u00e7\u00e3o intersubjetiva dos sujeitos. Aproximamo-nos de autores como Belloni (2003) Marco Silva (2003) e Habermas (1989) dentre outros para discuss\u00e3o te\u00f3rica sobre intera\u00e7\u00e3o, racionalidade comunicativa e intersubjetividade. Para orientar nosso estudo utilizamos o referencial da pesquisa participante e para coleta dedados utilizamos tamb\u00e9m o question\u00e1rio semiestruturado. Verificamos que o ambiente virtual \u00e9 um lugar onde as propostas educativas s\u00e3o concretizadas e a intera\u00e7\u00e3o dos sujeitos se desenvolve. Para isto, um AVE dever\u00e1 possuir em sua concep\u00e7\u00e3o o modelo de educa\u00e7\u00e3o a que serve. Tamb\u00e9m, o ambiente dever\u00e1 permitir que tanto professores quanto alunos pudessem ter o mesmo n\u00edvel de acesso aos espa\u00e7os e recursos, facilitando uma rela\u00e7\u00e3o horizontal. Outro aspecto relevante s\u00e3o os recursos audiovisuais dispon\u00edveis, os quais foram importantes, pois permitiram a personaliza\u00e7\u00e3o das ferramentas que deixaram de serem somente instrumentos de comunica\u00e7\u00e3o e se transformaram em places\/lugares.<\/div>\n<div style=\"text-align: left\" dir=\"ltr\"><\/div>\n<div dir=\"ltr\">Palavras-chave: intera\u00e7\u00e3o; educa\u00e7\u00e3o \u00e0 dist\u00e2ncia; ambiente virtual de ensino.<\/div>\n<div dir=\"ltr\"><\/div>\n<div dir=\"ltr\">ANO: 2012<\/div>\n<\/div>\n<p><a href=\"http:\/\/34reuniao.anped.org.br\/images\/trabalhos\/GT16\/GT16-863%20int.pdf\" target=\"_blank\" rel=\"noopener\">Texto na \u00edntegra<\/a><\/p>\n<p>&nbsp;<\/p>\n","protected":false},"excerpt":{"rendered":"<p>T\u00edtulo: Intera\u00e7\u00e3o no ambiente MOODLE: a rela\u00e7\u00e3o intersubjetiva dos sujeitos para o fortalecimento da EAD Regina Santos Young\u2013 UFC Janete Barroso Batista \u2013 UFC Daniel Capelo Borges\u2013 UFC Herm\u00ednio Borges Neto\u2013 UFC Este artigo apresenta resultados de uma pesquisa realizada numa disciplina desenvolvida na modalidade a dist\u00e2ncia e teve com o objetivo identificar e analisar [&hellip;]<\/p>\n","protected":false},"author":4,"featured_media":0,"comment_status":"closed","ping_status":"closed","sticky":false,"template":"","format":"standard","meta":{"footnotes":""},"categories":[3],"tags":[],"class_list":["post-15","post","type-post","status-publish","format-standard","hentry","category-artigos-em-eventos"],"yoast_head":"<!-- This site is optimized with the Yoast SEO plugin v27.5 - https:\/\/yoast.com\/product\/yoast-seo-wordpress\/ -->\n<title>Artigo: Intera\u00e7\u00e3o no ambiente MOODLE: a rela\u00e7\u00e3o intersubjetiva dos sujeitos para o fortalecimento da EAD - Pedagogia e tecnologias digitais<\/title>\n<meta name=\"robots\" content=\"index, follow, max-snippet:-1, max-image-preview:large, max-video-preview:-1\" \/>\n<link rel=\"canonical\" href=\"https:\/\/blogs.multimeios.ufc.br\/regina\/2013\/12\/03\/artigo-interacao-no-ambiente-moodle-a-relacao-intersubjetiva-dos-sujeitos-para-o-fortalecimento-da-ead\/\" \/>\n<meta property=\"og:locale\" content=\"pt_BR\" \/>\n<meta property=\"og:type\" content=\"article\" \/>\n<meta property=\"og:title\" content=\"Artigo: Intera\u00e7\u00e3o no ambiente MOODLE: a rela\u00e7\u00e3o intersubjetiva dos sujeitos para o fortalecimento da EAD - Pedagogia e tecnologias digitais\" \/>\n<meta property=\"og:description\" content=\"T\u00edtulo: Intera\u00e7\u00e3o no ambiente MOODLE: a rela\u00e7\u00e3o intersubjetiva dos sujeitos para o fortalecimento da EAD Regina Santos Young\u2013 UFC Janete Barroso Batista \u2013 UFC Daniel Capelo Borges\u2013 UFC Herm\u00ednio Borges Neto\u2013 UFC Este artigo apresenta resultados de uma pesquisa realizada numa disciplina desenvolvida na modalidade a dist\u00e2ncia e teve com o objetivo identificar e analisar [&hellip;]\" \/>\n<meta property=\"og:url\" content=\"https:\/\/blogs.multimeios.ufc.br\/regina\/2013\/12\/03\/artigo-interacao-no-ambiente-moodle-a-relacao-intersubjetiva-dos-sujeitos-para-o-fortalecimento-da-ead\/\" \/>\n<meta property=\"og:site_name\" content=\"Pedagogia e tecnologias digitais\" \/>\n<meta property=\"article:published_time\" content=\"2013-12-03T17:22:26+00:00\" \/>\n<meta property=\"article:modified_time\" content=\"2024-05-03T00:02:06+00:00\" \/>\n<meta property=\"og:image\" content=\"http:\/\/www.anped.org.br\/34reuniao\/images\/stories\/34anped.png\" \/>\n<meta name=\"author\" content=\"regina young\" \/>\n<meta name=\"twitter:card\" content=\"summary_large_image\" \/>\n<meta name=\"twitter:label1\" content=\"Escrito por\" \/>\n\t<meta name=\"twitter:data1\" content=\"regina young\" \/>\n\t<meta name=\"twitter:label2\" content=\"Est. tempo de leitura\" \/>\n\t<meta name=\"twitter:data2\" content=\"2 minutos\" \/>\n<script type=\"application\/ld+json\" class=\"yoast-schema-graph\">{\"@context\":\"https:\\\/\\\/schema.org\",\"@graph\":[{\"@type\":\"Article\",\"@id\":\"https:\\\/\\\/blogs.multimeios.ufc.br\\\/regina\\\/2013\\\/12\\\/03\\\/artigo-interacao-no-ambiente-moodle-a-relacao-intersubjetiva-dos-sujeitos-para-o-fortalecimento-da-ead\\\/#article\",\"isPartOf\":{\"@id\":\"https:\\\/\\\/blogs.multimeios.ufc.br\\\/regina\\\/2013\\\/12\\\/03\\\/artigo-interacao-no-ambiente-moodle-a-relacao-intersubjetiva-dos-sujeitos-para-o-fortalecimento-da-ead\\\/\"},\"author\":{\"name\":\"regina young\",\"@id\":\"https:\\\/\\\/blogs.multimeios.ufc.br\\\/regina\\\/#\\\/schema\\\/person\\\/46eae7ef531e6b3ea716c77bc437c9a5\"},\"headline\":\"Artigo: Intera\u00e7\u00e3o no ambiente MOODLE: a rela\u00e7\u00e3o intersubjetiva dos sujeitos para o fortalecimento da EAD\",\"datePublished\":\"2013-12-03T17:22:26+00:00\",\"dateModified\":\"2024-05-03T00:02:06+00:00\",\"mainEntityOfPage\":{\"@id\":\"https:\\\/\\\/blogs.multimeios.ufc.br\\\/regina\\\/2013\\\/12\\\/03\\\/artigo-interacao-no-ambiente-moodle-a-relacao-intersubjetiva-dos-sujeitos-para-o-fortalecimento-da-ead\\\/\"},\"wordCount\":263,\"image\":{\"@id\":\"https:\\\/\\\/blogs.multimeios.ufc.br\\\/regina\\\/2013\\\/12\\\/03\\\/artigo-interacao-no-ambiente-moodle-a-relacao-intersubjetiva-dos-sujeitos-para-o-fortalecimento-da-ead\\\/#primaryimage\"},\"thumbnailUrl\":\"http:\\\/\\\/www.anped.org.br\\\/34reuniao\\\/images\\\/stories\\\/34anped.png\",\"articleSection\":[\"Artigos em eventos (em colabora\u00e7\u00e3o)\"],\"inLanguage\":\"pt-BR\"},{\"@type\":\"WebPage\",\"@id\":\"https:\\\/\\\/blogs.multimeios.ufc.br\\\/regina\\\/2013\\\/12\\\/03\\\/artigo-interacao-no-ambiente-moodle-a-relacao-intersubjetiva-dos-sujeitos-para-o-fortalecimento-da-ead\\\/\",\"url\":\"https:\\\/\\\/blogs.multimeios.ufc.br\\\/regina\\\/2013\\\/12\\\/03\\\/artigo-interacao-no-ambiente-moodle-a-relacao-intersubjetiva-dos-sujeitos-para-o-fortalecimento-da-ead\\\/\",\"name\":\"Artigo: Intera\u00e7\u00e3o no ambiente MOODLE: a rela\u00e7\u00e3o intersubjetiva dos sujeitos para o fortalecimento da EAD - Pedagogia e tecnologias digitais\",\"isPartOf\":{\"@id\":\"https:\\\/\\\/blogs.multimeios.ufc.br\\\/regina\\\/#website\"},\"primaryImageOfPage\":{\"@id\":\"https:\\\/\\\/blogs.multimeios.ufc.br\\\/regina\\\/2013\\\/12\\\/03\\\/artigo-interacao-no-ambiente-moodle-a-relacao-intersubjetiva-dos-sujeitos-para-o-fortalecimento-da-ead\\\/#primaryimage\"},\"image\":{\"@id\":\"https:\\\/\\\/blogs.multimeios.ufc.br\\\/regina\\\/2013\\\/12\\\/03\\\/artigo-interacao-no-ambiente-moodle-a-relacao-intersubjetiva-dos-sujeitos-para-o-fortalecimento-da-ead\\\/#primaryimage\"},\"thumbnailUrl\":\"http:\\\/\\\/www.anped.org.br\\\/34reuniao\\\/images\\\/stories\\\/34anped.png\",\"datePublished\":\"2013-12-03T17:22:26+00:00\",\"dateModified\":\"2024-05-03T00:02:06+00:00\",\"author\":{\"@id\":\"https:\\\/\\\/blogs.multimeios.ufc.br\\\/regina\\\/#\\\/schema\\\/person\\\/46eae7ef531e6b3ea716c77bc437c9a5\"},\"breadcrumb\":{\"@id\":\"https:\\\/\\\/blogs.multimeios.ufc.br\\\/regina\\\/2013\\\/12\\\/03\\\/artigo-interacao-no-ambiente-moodle-a-relacao-intersubjetiva-dos-sujeitos-para-o-fortalecimento-da-ead\\\/#breadcrumb\"},\"inLanguage\":\"pt-BR\",\"potentialAction\":[{\"@type\":\"ReadAction\",\"target\":[\"https:\\\/\\\/blogs.multimeios.ufc.br\\\/regina\\\/2013\\\/12\\\/03\\\/artigo-interacao-no-ambiente-moodle-a-relacao-intersubjetiva-dos-sujeitos-para-o-fortalecimento-da-ead\\\/\"]}]},{\"@type\":\"ImageObject\",\"inLanguage\":\"pt-BR\",\"@id\":\"https:\\\/\\\/blogs.multimeios.ufc.br\\\/regina\\\/2013\\\/12\\\/03\\\/artigo-interacao-no-ambiente-moodle-a-relacao-intersubjetiva-dos-sujeitos-para-o-fortalecimento-da-ead\\\/#primaryimage\",\"url\":\"http:\\\/\\\/www.anped.org.br\\\/34reuniao\\\/images\\\/stories\\\/34anped.png\",\"contentUrl\":\"http:\\\/\\\/www.anped.org.br\\\/34reuniao\\\/images\\\/stories\\\/34anped.png\"},{\"@type\":\"BreadcrumbList\",\"@id\":\"https:\\\/\\\/blogs.multimeios.ufc.br\\\/regina\\\/2013\\\/12\\\/03\\\/artigo-interacao-no-ambiente-moodle-a-relacao-intersubjetiva-dos-sujeitos-para-o-fortalecimento-da-ead\\\/#breadcrumb\",\"itemListElement\":[{\"@type\":\"ListItem\",\"position\":1,\"name\":\"In\u00edcio\",\"item\":\"https:\\\/\\\/blogs.multimeios.ufc.br\\\/regina\\\/\"},{\"@type\":\"ListItem\",\"position\":2,\"name\":\"Artigo: Intera\u00e7\u00e3o no ambiente MOODLE: a rela\u00e7\u00e3o intersubjetiva dos sujeitos para o fortalecimento da EAD\"}]},{\"@type\":\"WebSite\",\"@id\":\"https:\\\/\\\/blogs.multimeios.ufc.br\\\/regina\\\/#website\",\"url\":\"https:\\\/\\\/blogs.multimeios.ufc.br\\\/regina\\\/\",\"name\":\"Pedagogia e tecnologias digitais\",\"description\":\"Espa\u00e7o para compartilhar produ\u00e7\u00f5es e materiais acad\u00eamicos sobre Tecnologias Digitais da Informa\u00e7\u00e3o e Comunica\u00e7\u00e3o\",\"potentialAction\":[{\"@type\":\"SearchAction\",\"target\":{\"@type\":\"EntryPoint\",\"urlTemplate\":\"https:\\\/\\\/blogs.multimeios.ufc.br\\\/regina\\\/?s={search_term_string}\"},\"query-input\":{\"@type\":\"PropertyValueSpecification\",\"valueRequired\":true,\"valueName\":\"search_term_string\"}}],\"inLanguage\":\"pt-BR\"},{\"@type\":\"Person\",\"@id\":\"https:\\\/\\\/blogs.multimeios.ufc.br\\\/regina\\\/#\\\/schema\\\/person\\\/46eae7ef531e6b3ea716c77bc437c9a5\",\"name\":\"regina young\",\"image\":{\"@type\":\"ImageObject\",\"inLanguage\":\"pt-BR\",\"@id\":\"https:\\\/\\\/secure.gravatar.com\\\/avatar\\\/54bb427416901c651f3fa4e90b1b6883cbdc122ec87bafee2f591bc890a6161b?s=96&d=mm&r=g\",\"url\":\"https:\\\/\\\/secure.gravatar.com\\\/avatar\\\/54bb427416901c651f3fa4e90b1b6883cbdc122ec87bafee2f591bc890a6161b?s=96&d=mm&r=g\",\"contentUrl\":\"https:\\\/\\\/secure.gravatar.com\\\/avatar\\\/54bb427416901c651f3fa4e90b1b6883cbdc122ec87bafee2f591bc890a6161b?s=96&d=mm&r=g\",\"caption\":\"regina young\"},\"url\":\"https:\\\/\\\/blogs.multimeios.ufc.br\\\/regina\\\/author\\\/regina\\\/\"}]}<\/script>\n<!-- \/ Yoast SEO plugin. -->","yoast_head_json":{"title":"Artigo: Intera\u00e7\u00e3o no ambiente MOODLE: a rela\u00e7\u00e3o intersubjetiva dos sujeitos para o fortalecimento da EAD - Pedagogia e tecnologias digitais","robots":{"index":"index","follow":"follow","max-snippet":"max-snippet:-1","max-image-preview":"max-image-preview:large","max-video-preview":"max-video-preview:-1"},"canonical":"https:\/\/blogs.multimeios.ufc.br\/regina\/2013\/12\/03\/artigo-interacao-no-ambiente-moodle-a-relacao-intersubjetiva-dos-sujeitos-para-o-fortalecimento-da-ead\/","og_locale":"pt_BR","og_type":"article","og_title":"Artigo: Intera\u00e7\u00e3o no ambiente MOODLE: a rela\u00e7\u00e3o intersubjetiva dos sujeitos para o fortalecimento da EAD - Pedagogia e tecnologias digitais","og_description":"T\u00edtulo: Intera\u00e7\u00e3o no ambiente MOODLE: a rela\u00e7\u00e3o intersubjetiva dos sujeitos para o fortalecimento da EAD Regina Santos Young\u2013 UFC Janete Barroso Batista \u2013 UFC Daniel Capelo Borges\u2013 UFC Herm\u00ednio Borges Neto\u2013 UFC Este artigo apresenta resultados de uma pesquisa realizada numa disciplina desenvolvida na modalidade a dist\u00e2ncia e teve com o objetivo identificar e analisar [&hellip;]","og_url":"https:\/\/blogs.multimeios.ufc.br\/regina\/2013\/12\/03\/artigo-interacao-no-ambiente-moodle-a-relacao-intersubjetiva-dos-sujeitos-para-o-fortalecimento-da-ead\/","og_site_name":"Pedagogia e tecnologias digitais","article_published_time":"2013-12-03T17:22:26+00:00","article_modified_time":"2024-05-03T00:02:06+00:00","og_image":[{"url":"http:\/\/www.anped.org.br\/34reuniao\/images\/stories\/34anped.png","type":"","width":"","height":""}],"author":"regina young","twitter_card":"summary_large_image","twitter_misc":{"Escrito por":"regina young","Est. tempo de leitura":"2 minutos"},"schema":{"@context":"https:\/\/schema.org","@graph":[{"@type":"Article","@id":"https:\/\/blogs.multimeios.ufc.br\/regina\/2013\/12\/03\/artigo-interacao-no-ambiente-moodle-a-relacao-intersubjetiva-dos-sujeitos-para-o-fortalecimento-da-ead\/#article","isPartOf":{"@id":"https:\/\/blogs.multimeios.ufc.br\/regina\/2013\/12\/03\/artigo-interacao-no-ambiente-moodle-a-relacao-intersubjetiva-dos-sujeitos-para-o-fortalecimento-da-ead\/"},"author":{"name":"regina young","@id":"https:\/\/blogs.multimeios.ufc.br\/regina\/#\/schema\/person\/46eae7ef531e6b3ea716c77bc437c9a5"},"headline":"Artigo: Intera\u00e7\u00e3o no ambiente MOODLE: a rela\u00e7\u00e3o intersubjetiva dos sujeitos para o fortalecimento da EAD","datePublished":"2013-12-03T17:22:26+00:00","dateModified":"2024-05-03T00:02:06+00:00","mainEntityOfPage":{"@id":"https:\/\/blogs.multimeios.ufc.br\/regina\/2013\/12\/03\/artigo-interacao-no-ambiente-moodle-a-relacao-intersubjetiva-dos-sujeitos-para-o-fortalecimento-da-ead\/"},"wordCount":263,"image":{"@id":"https:\/\/blogs.multimeios.ufc.br\/regina\/2013\/12\/03\/artigo-interacao-no-ambiente-moodle-a-relacao-intersubjetiva-dos-sujeitos-para-o-fortalecimento-da-ead\/#primaryimage"},"thumbnailUrl":"http:\/\/www.anped.org.br\/34reuniao\/images\/stories\/34anped.png","articleSection":["Artigos em eventos (em colabora\u00e7\u00e3o)"],"inLanguage":"pt-BR"},{"@type":"WebPage","@id":"https:\/\/blogs.multimeios.ufc.br\/regina\/2013\/12\/03\/artigo-interacao-no-ambiente-moodle-a-relacao-intersubjetiva-dos-sujeitos-para-o-fortalecimento-da-ead\/","url":"https:\/\/blogs.multimeios.ufc.br\/regina\/2013\/12\/03\/artigo-interacao-no-ambiente-moodle-a-relacao-intersubjetiva-dos-sujeitos-para-o-fortalecimento-da-ead\/","name":"Artigo: Intera\u00e7\u00e3o no ambiente MOODLE: a rela\u00e7\u00e3o intersubjetiva dos sujeitos para o fortalecimento da EAD - Pedagogia e tecnologias digitais","isPartOf":{"@id":"https:\/\/blogs.multimeios.ufc.br\/regina\/#website"},"primaryImageOfPage":{"@id":"https:\/\/blogs.multimeios.ufc.br\/regina\/2013\/12\/03\/artigo-interacao-no-ambiente-moodle-a-relacao-intersubjetiva-dos-sujeitos-para-o-fortalecimento-da-ead\/#primaryimage"},"image":{"@id":"https:\/\/blogs.multimeios.ufc.br\/regina\/2013\/12\/03\/artigo-interacao-no-ambiente-moodle-a-relacao-intersubjetiva-dos-sujeitos-para-o-fortalecimento-da-ead\/#primaryimage"},"thumbnailUrl":"http:\/\/www.anped.org.br\/34reuniao\/images\/stories\/34anped.png","datePublished":"2013-12-03T17:22:26+00:00","dateModified":"2024-05-03T00:02:06+00:00","author":{"@id":"https:\/\/blogs.multimeios.ufc.br\/regina\/#\/schema\/person\/46eae7ef531e6b3ea716c77bc437c9a5"},"breadcrumb":{"@id":"https:\/\/blogs.multimeios.ufc.br\/regina\/2013\/12\/03\/artigo-interacao-no-ambiente-moodle-a-relacao-intersubjetiva-dos-sujeitos-para-o-fortalecimento-da-ead\/#breadcrumb"},"inLanguage":"pt-BR","potentialAction":[{"@type":"ReadAction","target":["https:\/\/blogs.multimeios.ufc.br\/regina\/2013\/12\/03\/artigo-interacao-no-ambiente-moodle-a-relacao-intersubjetiva-dos-sujeitos-para-o-fortalecimento-da-ead\/"]}]},{"@type":"ImageObject","inLanguage":"pt-BR","@id":"https:\/\/blogs.multimeios.ufc.br\/regina\/2013\/12\/03\/artigo-interacao-no-ambiente-moodle-a-relacao-intersubjetiva-dos-sujeitos-para-o-fortalecimento-da-ead\/#primaryimage","url":"http:\/\/www.anped.org.br\/34reuniao\/images\/stories\/34anped.png","contentUrl":"http:\/\/www.anped.org.br\/34reuniao\/images\/stories\/34anped.png"},{"@type":"BreadcrumbList","@id":"https:\/\/blogs.multimeios.ufc.br\/regina\/2013\/12\/03\/artigo-interacao-no-ambiente-moodle-a-relacao-intersubjetiva-dos-sujeitos-para-o-fortalecimento-da-ead\/#breadcrumb","itemListElement":[{"@type":"ListItem","position":1,"name":"In\u00edcio","item":"https:\/\/blogs.multimeios.ufc.br\/regina\/"},{"@type":"ListItem","position":2,"name":"Artigo: Intera\u00e7\u00e3o no ambiente MOODLE: a rela\u00e7\u00e3o intersubjetiva dos sujeitos para o fortalecimento da EAD"}]},{"@type":"WebSite","@id":"https:\/\/blogs.multimeios.ufc.br\/regina\/#website","url":"https:\/\/blogs.multimeios.ufc.br\/regina\/","name":"Pedagogia e tecnologias digitais","description":"Espa\u00e7o para compartilhar produ\u00e7\u00f5es e materiais acad\u00eamicos sobre Tecnologias Digitais da Informa\u00e7\u00e3o e Comunica\u00e7\u00e3o","potentialAction":[{"@type":"SearchAction","target":{"@type":"EntryPoint","urlTemplate":"https:\/\/blogs.multimeios.ufc.br\/regina\/?s={search_term_string}"},"query-input":{"@type":"PropertyValueSpecification","valueRequired":true,"valueName":"search_term_string"}}],"inLanguage":"pt-BR"},{"@type":"Person","@id":"https:\/\/blogs.multimeios.ufc.br\/regina\/#\/schema\/person\/46eae7ef531e6b3ea716c77bc437c9a5","name":"regina young","image":{"@type":"ImageObject","inLanguage":"pt-BR","@id":"https:\/\/secure.gravatar.com\/avatar\/54bb427416901c651f3fa4e90b1b6883cbdc122ec87bafee2f591bc890a6161b?s=96&d=mm&r=g","url":"https:\/\/secure.gravatar.com\/avatar\/54bb427416901c651f3fa4e90b1b6883cbdc122ec87bafee2f591bc890a6161b?s=96&d=mm&r=g","contentUrl":"https:\/\/secure.gravatar.com\/avatar\/54bb427416901c651f3fa4e90b1b6883cbdc122ec87bafee2f591bc890a6161b?s=96&d=mm&r=g","caption":"regina young"},"url":"https:\/\/blogs.multimeios.ufc.br\/regina\/author\/regina\/"}]}},"_links":{"self":[{"href":"https:\/\/blogs.multimeios.ufc.br\/regina\/wp-json\/wp\/v2\/posts\/15","targetHints":{"allow":["GET"]}}],"collection":[{"href":"https:\/\/blogs.multimeios.ufc.br\/regina\/wp-json\/wp\/v2\/posts"}],"about":[{"href":"https:\/\/blogs.multimeios.ufc.br\/regina\/wp-json\/wp\/v2\/types\/post"}],"author":[{"embeddable":true,"href":"https:\/\/blogs.multimeios.ufc.br\/regina\/wp-json\/wp\/v2\/users\/4"}],"replies":[{"embeddable":true,"href":"https:\/\/blogs.multimeios.ufc.br\/regina\/wp-json\/wp\/v2\/comments?post=15"}],"version-history":[{"count":5,"href":"https:\/\/blogs.multimeios.ufc.br\/regina\/wp-json\/wp\/v2\/posts\/15\/revisions"}],"predecessor-version":[{"id":38,"href":"https:\/\/blogs.multimeios.ufc.br\/regina\/wp-json\/wp\/v2\/posts\/15\/revisions\/38"}],"wp:attachment":[{"href":"https:\/\/blogs.multimeios.ufc.br\/regina\/wp-json\/wp\/v2\/media?parent=15"}],"wp:term":[{"taxonomy":"category","embeddable":true,"href":"https:\/\/blogs.multimeios.ufc.br\/regina\/wp-json\/wp\/v2\/categories?post=15"},{"taxonomy":"post_tag","embeddable":true,"href":"https:\/\/blogs.multimeios.ufc.br\/regina\/wp-json\/wp\/v2\/tags?post=15"}],"curies":[{"name":"wp","href":"https:\/\/api.w.org\/{rel}","templated":true}]}}