{"id":140,"date":"2021-05-22T00:43:29","date_gmt":"2021-05-22T00:43:29","guid":{"rendered":"http:\/\/blogs.multimeios.ufc.br\/segundasmm\/?p=140"},"modified":"2021-07-08T20:25:34","modified_gmt":"2021-07-08T20:25:34","slug":"retorno-segunda-mm-semestre-2021-1","status":"publish","type":"post","link":"https:\/\/blogs.multimeios.ufc.br\/segundasmm\/2021\/05\/22\/retorno-segunda-mm-semestre-2021-1\/","title":{"rendered":"Retorno Segunda MM &#8211; Semestre 2021.1"},"content":{"rendered":"\n<p style=\"text-align: justify\">Ol@ pessoal!!! O semestre 2021.1 j\u00e1 iniciou e com ele nossa 2a Multimeios. <br \/>Dessa vez, convidamos pesquisadores para conversar sobre \u201cSequ\u00eancia Fedathi \u2013 Presente, Passado e Futuro\u201d.<br \/>Nosso encontro acontece todas as 2as feiras, das 15h \u00e1s 17h, na sala da comunidade do Laborat\u00f3rio de Pesquisa Multimeios na RNP.<br \/>Para o dia 24 de Maio convidamos o Professor Herminio Borges Neto que falou sobre as origens da Sequ\u00eancia Fedathi. Confere s\u00f3!<br \/><br \/><a href=\"http:\/\/blogs.multimeios.ufc.br\/segundasmm\/2021\/05\/22\/retorno-segunda-mm-semestre-2021-1\/segunda-mm-1-2\/\"><img fetchpriority=\"high\" decoding=\"async\" class=\"aligncenter wp-image-142 size-medium\" src=\"http:\/\/blogs.multimeios.ufc.br\/segundasmm\/files\/2021\/05\/Segunda-MM-1-1-300x300.gif\" alt=\"\" width=\"300\" height=\"300\" srcset=\"https:\/\/blogs.multimeios.ufc.br\/segundasmm\/files\/2021\/05\/Segunda-MM-1-1-300x300.gif 300w, https:\/\/blogs.multimeios.ufc.br\/segundasmm\/files\/2021\/05\/Segunda-MM-1-1-1024x1024.gif 1024w, https:\/\/blogs.multimeios.ufc.br\/segundasmm\/files\/2021\/05\/Segunda-MM-1-1-150x150.gif 150w, https:\/\/blogs.multimeios.ufc.br\/segundasmm\/files\/2021\/05\/Segunda-MM-1-1-768x768.gif 768w\" sizes=\"(max-width: 300px) 100vw, 300px\" \/><\/a><\/p>\n<p>Dentre as discuss\u00f5es e aprendizados desse momento tivemos:<\/p>\n<ul>\n<li>Os caminhos trilhados pelo Professor Herm\u00ednio Borges Neto e a cria\u00e7\u00e3o da Sequ\u00eancia Fedathi;<\/li>\n<li>As bases que norteam a Sequ\u00eancia;<\/li>\n<li>A origem do nome &#8220;Fedathi&#8221; e muito mais!!!<br \/><br \/><br \/><a href=\"http:\/\/blogs.multimeios.ufc.br\/segundasmm\/2021\/05\/22\/retorno-segunda-mm-semestre-2021-1\/untitled-design\/\" rel=\"attachment wp-att-170\"><img decoding=\"async\" class=\"size-medium wp-image-170 aligncenter\" src=\"http:\/\/blogs.multimeios.ufc.br\/segundasmm\/files\/2021\/05\/Untitled-design-300x300.jpg\" alt=\"\" width=\"300\" height=\"300\" srcset=\"https:\/\/blogs.multimeios.ufc.br\/segundasmm\/files\/2021\/05\/Untitled-design-300x300.jpg 300w, https:\/\/blogs.multimeios.ufc.br\/segundasmm\/files\/2021\/05\/Untitled-design-1024x1024.jpg 1024w, https:\/\/blogs.multimeios.ufc.br\/segundasmm\/files\/2021\/05\/Untitled-design-150x150.jpg 150w, https:\/\/blogs.multimeios.ufc.br\/segundasmm\/files\/2021\/05\/Untitled-design-768x768.jpg 768w, https:\/\/blogs.multimeios.ufc.br\/segundasmm\/files\/2021\/05\/Untitled-design.jpg 1080w\" sizes=\"(max-width: 300px) 100vw, 300px\" \/><\/a><\/li>\n<\/ul>\n<p><strong>\u00a0<a href=\"https:\/\/www.youtube.com\/watch?v=9WEGkv-2rAA\" target=\"_blank\" rel=\"noopener\">V\u00cdDEO<\/a> \/ <a href=\"http:\/\/blogs.multimeios.ufc.br\/segundasmm\/files\/2021\/06\/Origens-do-grupo-Fedathi-hbn.pdf\" target=\"_blank\" rel=\"noopener\">PDF<\/a><\/strong><\/p>\n<p><strong>Reveja nossos encontros passados:<\/strong> <a href=\"http:\/\/blogs.multimeios.ufc.br\/segundasmm\/cronograma-2021-1\/\" target=\"_blank\" rel=\"noopener\">2021.1<\/a>\u00a0 e\u00a0 <a href=\"http:\/\/blogs.multimeios.ufc.br\/segundasmm\/cronograma-2020-2\/\" target=\"_blank\" rel=\"noopener\">2020.2<\/a><br \/><br \/><br \/><\/p>\n<p>\u00a0<\/p>\n\n\n\n<p><\/p>\n","protected":false},"excerpt":{"rendered":"<p>Ol@ pessoal!!! O semestre 2021.1 j\u00e1 iniciou e com ele nossa 2a Multimeios. Dessa vez, convidamos pesquisadores para conversar sobre \u201cSequ\u00eancia Fedathi \u2013 Presente, Passado e Futuro\u201d.Nosso encontro acontece todas as 2as feiras, das 15h \u00e1s 17h, na sala da &hellip; <a href=\"https:\/\/blogs.multimeios.ufc.br\/segundasmm\/2021\/05\/22\/retorno-segunda-mm-semestre-2021-1\/\">Continue lendo <span class=\"meta-nav\">&rarr;<\/span><\/a><\/p>\n","protected":false},"author":30,"featured_media":0,"comment_status":"open","ping_status":"open","sticky":false,"template":"","format":"standard","meta":{"footnotes":""},"categories":[1],"tags":[],"class_list":["post-140","post","type-post","status-publish","format-standard","hentry","category-sem-categoria"],"yoast_head":"<!-- This site is optimized with the Yoast SEO plugin v27.4 - https:\/\/yoast.com\/product\/yoast-seo-wordpress\/ -->\n<title>Retorno Segunda MM - Semestre 2021.1 - Segunda Multimeios<\/title>\n<meta name=\"robots\" content=\"index, follow, max-snippet:-1, max-image-preview:large, max-video-preview:-1\" \/>\n<link rel=\"canonical\" href=\"https:\/\/blogs.multimeios.ufc.br\/segundasmm\/2021\/05\/22\/retorno-segunda-mm-semestre-2021-1\/\" \/>\n<meta property=\"og:locale\" content=\"pt_BR\" \/>\n<meta property=\"og:type\" content=\"article\" \/>\n<meta property=\"og:title\" content=\"Retorno Segunda MM - Semestre 2021.1 - Segunda Multimeios\" \/>\n<meta property=\"og:description\" content=\"Ol@ pessoal!!! O semestre 2021.1 j\u00e1 iniciou e com ele nossa 2a Multimeios. Dessa vez, convidamos pesquisadores para conversar sobre \u201cSequ\u00eancia Fedathi \u2013 Presente, Passado e Futuro\u201d.Nosso encontro acontece todas as 2as feiras, das 15h \u00e1s 17h, na sala da &hellip; Continue lendo &rarr;\" \/>\n<meta property=\"og:url\" content=\"https:\/\/blogs.multimeios.ufc.br\/segundasmm\/2021\/05\/22\/retorno-segunda-mm-semestre-2021-1\/\" \/>\n<meta property=\"og:site_name\" content=\"Segunda Multimeios\" \/>\n<meta property=\"article:published_time\" content=\"2021-05-22T00:43:29+00:00\" \/>\n<meta property=\"article:modified_time\" content=\"2021-07-08T20:25:34+00:00\" \/>\n<meta property=\"og:image\" content=\"http:\/\/blogs.multimeios.ufc.br\/segundasmm\/files\/2021\/05\/Segunda-MM-1-1-300x300.gif\" \/>\n<meta name=\"author\" content=\"milenamm\" \/>\n<meta name=\"twitter:card\" content=\"summary_large_image\" \/>\n<meta name=\"twitter:label1\" content=\"Escrito por\" \/>\n\t<meta name=\"twitter:data1\" content=\"milenamm\" \/>\n\t<meta name=\"twitter:label2\" content=\"Est. tempo de leitura\" \/>\n\t<meta name=\"twitter:data2\" content=\"1 minuto\" \/>\n<script type=\"application\/ld+json\" class=\"yoast-schema-graph\">{\"@context\":\"https:\\\/\\\/schema.org\",\"@graph\":[{\"@type\":\"Article\",\"@id\":\"https:\\\/\\\/blogs.multimeios.ufc.br\\\/segundasmm\\\/2021\\\/05\\\/22\\\/retorno-segunda-mm-semestre-2021-1\\\/#article\",\"isPartOf\":{\"@id\":\"https:\\\/\\\/blogs.multimeios.ufc.br\\\/segundasmm\\\/2021\\\/05\\\/22\\\/retorno-segunda-mm-semestre-2021-1\\\/\"},\"author\":{\"name\":\"milenamm\",\"@id\":\"https:\\\/\\\/blogs.multimeios.ufc.br\\\/segundasmm\\\/#\\\/schema\\\/person\\\/2b3100b552d46afb773c60ce6521854b\"},\"headline\":\"Retorno Segunda MM &#8211; Semestre 2021.1\",\"datePublished\":\"2021-05-22T00:43:29+00:00\",\"dateModified\":\"2021-07-08T20:25:34+00:00\",\"mainEntityOfPage\":{\"@id\":\"https:\\\/\\\/blogs.multimeios.ufc.br\\\/segundasmm\\\/2021\\\/05\\\/22\\\/retorno-segunda-mm-semestre-2021-1\\\/\"},\"wordCount\":125,\"commentCount\":0,\"image\":{\"@id\":\"https:\\\/\\\/blogs.multimeios.ufc.br\\\/segundasmm\\\/2021\\\/05\\\/22\\\/retorno-segunda-mm-semestre-2021-1\\\/#primaryimage\"},\"thumbnailUrl\":\"http:\\\/\\\/blogs.multimeios.ufc.br\\\/segundasmm\\\/files\\\/2021\\\/05\\\/Segunda-MM-1-1-300x300.gif\",\"inLanguage\":\"pt-BR\",\"potentialAction\":[{\"@type\":\"CommentAction\",\"name\":\"Comment\",\"target\":[\"https:\\\/\\\/blogs.multimeios.ufc.br\\\/segundasmm\\\/2021\\\/05\\\/22\\\/retorno-segunda-mm-semestre-2021-1\\\/#respond\"]}]},{\"@type\":\"WebPage\",\"@id\":\"https:\\\/\\\/blogs.multimeios.ufc.br\\\/segundasmm\\\/2021\\\/05\\\/22\\\/retorno-segunda-mm-semestre-2021-1\\\/\",\"url\":\"https:\\\/\\\/blogs.multimeios.ufc.br\\\/segundasmm\\\/2021\\\/05\\\/22\\\/retorno-segunda-mm-semestre-2021-1\\\/\",\"name\":\"Retorno Segunda MM - Semestre 2021.1 - Segunda Multimeios\",\"isPartOf\":{\"@id\":\"https:\\\/\\\/blogs.multimeios.ufc.br\\\/segundasmm\\\/#website\"},\"primaryImageOfPage\":{\"@id\":\"https:\\\/\\\/blogs.multimeios.ufc.br\\\/segundasmm\\\/2021\\\/05\\\/22\\\/retorno-segunda-mm-semestre-2021-1\\\/#primaryimage\"},\"image\":{\"@id\":\"https:\\\/\\\/blogs.multimeios.ufc.br\\\/segundasmm\\\/2021\\\/05\\\/22\\\/retorno-segunda-mm-semestre-2021-1\\\/#primaryimage\"},\"thumbnailUrl\":\"http:\\\/\\\/blogs.multimeios.ufc.br\\\/segundasmm\\\/files\\\/2021\\\/05\\\/Segunda-MM-1-1-300x300.gif\",\"datePublished\":\"2021-05-22T00:43:29+00:00\",\"dateModified\":\"2021-07-08T20:25:34+00:00\",\"author\":{\"@id\":\"https:\\\/\\\/blogs.multimeios.ufc.br\\\/segundasmm\\\/#\\\/schema\\\/person\\\/2b3100b552d46afb773c60ce6521854b\"},\"breadcrumb\":{\"@id\":\"https:\\\/\\\/blogs.multimeios.ufc.br\\\/segundasmm\\\/2021\\\/05\\\/22\\\/retorno-segunda-mm-semestre-2021-1\\\/#breadcrumb\"},\"inLanguage\":\"pt-BR\",\"potentialAction\":[{\"@type\":\"ReadAction\",\"target\":[\"https:\\\/\\\/blogs.multimeios.ufc.br\\\/segundasmm\\\/2021\\\/05\\\/22\\\/retorno-segunda-mm-semestre-2021-1\\\/\"]}]},{\"@type\":\"ImageObject\",\"inLanguage\":\"pt-BR\",\"@id\":\"https:\\\/\\\/blogs.multimeios.ufc.br\\\/segundasmm\\\/2021\\\/05\\\/22\\\/retorno-segunda-mm-semestre-2021-1\\\/#primaryimage\",\"url\":\"https:\\\/\\\/blogs.multimeios.ufc.br\\\/segundasmm\\\/files\\\/2021\\\/05\\\/Segunda-MM-1-1.gif\",\"contentUrl\":\"https:\\\/\\\/blogs.multimeios.ufc.br\\\/segundasmm\\\/files\\\/2021\\\/05\\\/Segunda-MM-1-1.gif\",\"width\":1080,\"height\":1080},{\"@type\":\"BreadcrumbList\",\"@id\":\"https:\\\/\\\/blogs.multimeios.ufc.br\\\/segundasmm\\\/2021\\\/05\\\/22\\\/retorno-segunda-mm-semestre-2021-1\\\/#breadcrumb\",\"itemListElement\":[{\"@type\":\"ListItem\",\"position\":1,\"name\":\"In\u00edcio\",\"item\":\"https:\\\/\\\/blogs.multimeios.ufc.br\\\/segundasmm\\\/\"},{\"@type\":\"ListItem\",\"position\":2,\"name\":\"Retorno Segunda MM &#8211; Semestre 2021.1\"}]},{\"@type\":\"WebSite\",\"@id\":\"https:\\\/\\\/blogs.multimeios.ufc.br\\\/segundasmm\\\/#website\",\"url\":\"https:\\\/\\\/blogs.multimeios.ufc.br\\\/segundasmm\\\/\",\"name\":\"Segunda Multimeios\",\"description\":\"Forma\u00e7\u00e3o e debate sobre Tecnologias Digitais na Educa\u00e7\u00e3o\",\"potentialAction\":[{\"@type\":\"SearchAction\",\"target\":{\"@type\":\"EntryPoint\",\"urlTemplate\":\"https:\\\/\\\/blogs.multimeios.ufc.br\\\/segundasmm\\\/?s={search_term_string}\"},\"query-input\":{\"@type\":\"PropertyValueSpecification\",\"valueRequired\":true,\"valueName\":\"search_term_string\"}}],\"inLanguage\":\"pt-BR\"},{\"@type\":\"Person\",\"@id\":\"https:\\\/\\\/blogs.multimeios.ufc.br\\\/segundasmm\\\/#\\\/schema\\\/person\\\/2b3100b552d46afb773c60ce6521854b\",\"name\":\"milenamm\",\"image\":{\"@type\":\"ImageObject\",\"inLanguage\":\"pt-BR\",\"@id\":\"https:\\\/\\\/secure.gravatar.com\\\/avatar\\\/bd126b433048fa5c7f5a9410cd378b28dbc47268defdc6c201f78fd79edd642c?s=96&d=mm&r=g\",\"url\":\"https:\\\/\\\/secure.gravatar.com\\\/avatar\\\/bd126b433048fa5c7f5a9410cd378b28dbc47268defdc6c201f78fd79edd642c?s=96&d=mm&r=g\",\"contentUrl\":\"https:\\\/\\\/secure.gravatar.com\\\/avatar\\\/bd126b433048fa5c7f5a9410cd378b28dbc47268defdc6c201f78fd79edd642c?s=96&d=mm&r=g\",\"caption\":\"milenamm\"},\"url\":\"https:\\\/\\\/blogs.multimeios.ufc.br\\\/segundasmm\\\/author\\\/milenamm\\\/\"}]}<\/script>\n<!-- \/ Yoast SEO plugin. -->","yoast_head_json":{"title":"Retorno Segunda MM - Semestre 2021.1 - Segunda Multimeios","robots":{"index":"index","follow":"follow","max-snippet":"max-snippet:-1","max-image-preview":"max-image-preview:large","max-video-preview":"max-video-preview:-1"},"canonical":"https:\/\/blogs.multimeios.ufc.br\/segundasmm\/2021\/05\/22\/retorno-segunda-mm-semestre-2021-1\/","og_locale":"pt_BR","og_type":"article","og_title":"Retorno Segunda MM - Semestre 2021.1 - Segunda Multimeios","og_description":"Ol@ pessoal!!! O semestre 2021.1 j\u00e1 iniciou e com ele nossa 2a Multimeios. Dessa vez, convidamos pesquisadores para conversar sobre \u201cSequ\u00eancia Fedathi \u2013 Presente, Passado e Futuro\u201d.Nosso encontro acontece todas as 2as feiras, das 15h \u00e1s 17h, na sala da &hellip; Continue lendo &rarr;","og_url":"https:\/\/blogs.multimeios.ufc.br\/segundasmm\/2021\/05\/22\/retorno-segunda-mm-semestre-2021-1\/","og_site_name":"Segunda Multimeios","article_published_time":"2021-05-22T00:43:29+00:00","article_modified_time":"2021-07-08T20:25:34+00:00","og_image":[{"url":"http:\/\/blogs.multimeios.ufc.br\/segundasmm\/files\/2021\/05\/Segunda-MM-1-1-300x300.gif","type":"","width":"","height":""}],"author":"milenamm","twitter_card":"summary_large_image","twitter_misc":{"Escrito por":"milenamm","Est. tempo de leitura":"1 minuto"},"schema":{"@context":"https:\/\/schema.org","@graph":[{"@type":"Article","@id":"https:\/\/blogs.multimeios.ufc.br\/segundasmm\/2021\/05\/22\/retorno-segunda-mm-semestre-2021-1\/#article","isPartOf":{"@id":"https:\/\/blogs.multimeios.ufc.br\/segundasmm\/2021\/05\/22\/retorno-segunda-mm-semestre-2021-1\/"},"author":{"name":"milenamm","@id":"https:\/\/blogs.multimeios.ufc.br\/segundasmm\/#\/schema\/person\/2b3100b552d46afb773c60ce6521854b"},"headline":"Retorno Segunda MM &#8211; Semestre 2021.1","datePublished":"2021-05-22T00:43:29+00:00","dateModified":"2021-07-08T20:25:34+00:00","mainEntityOfPage":{"@id":"https:\/\/blogs.multimeios.ufc.br\/segundasmm\/2021\/05\/22\/retorno-segunda-mm-semestre-2021-1\/"},"wordCount":125,"commentCount":0,"image":{"@id":"https:\/\/blogs.multimeios.ufc.br\/segundasmm\/2021\/05\/22\/retorno-segunda-mm-semestre-2021-1\/#primaryimage"},"thumbnailUrl":"http:\/\/blogs.multimeios.ufc.br\/segundasmm\/files\/2021\/05\/Segunda-MM-1-1-300x300.gif","inLanguage":"pt-BR","potentialAction":[{"@type":"CommentAction","name":"Comment","target":["https:\/\/blogs.multimeios.ufc.br\/segundasmm\/2021\/05\/22\/retorno-segunda-mm-semestre-2021-1\/#respond"]}]},{"@type":"WebPage","@id":"https:\/\/blogs.multimeios.ufc.br\/segundasmm\/2021\/05\/22\/retorno-segunda-mm-semestre-2021-1\/","url":"https:\/\/blogs.multimeios.ufc.br\/segundasmm\/2021\/05\/22\/retorno-segunda-mm-semestre-2021-1\/","name":"Retorno Segunda MM - Semestre 2021.1 - Segunda Multimeios","isPartOf":{"@id":"https:\/\/blogs.multimeios.ufc.br\/segundasmm\/#website"},"primaryImageOfPage":{"@id":"https:\/\/blogs.multimeios.ufc.br\/segundasmm\/2021\/05\/22\/retorno-segunda-mm-semestre-2021-1\/#primaryimage"},"image":{"@id":"https:\/\/blogs.multimeios.ufc.br\/segundasmm\/2021\/05\/22\/retorno-segunda-mm-semestre-2021-1\/#primaryimage"},"thumbnailUrl":"http:\/\/blogs.multimeios.ufc.br\/segundasmm\/files\/2021\/05\/Segunda-MM-1-1-300x300.gif","datePublished":"2021-05-22T00:43:29+00:00","dateModified":"2021-07-08T20:25:34+00:00","author":{"@id":"https:\/\/blogs.multimeios.ufc.br\/segundasmm\/#\/schema\/person\/2b3100b552d46afb773c60ce6521854b"},"breadcrumb":{"@id":"https:\/\/blogs.multimeios.ufc.br\/segundasmm\/2021\/05\/22\/retorno-segunda-mm-semestre-2021-1\/#breadcrumb"},"inLanguage":"pt-BR","potentialAction":[{"@type":"ReadAction","target":["https:\/\/blogs.multimeios.ufc.br\/segundasmm\/2021\/05\/22\/retorno-segunda-mm-semestre-2021-1\/"]}]},{"@type":"ImageObject","inLanguage":"pt-BR","@id":"https:\/\/blogs.multimeios.ufc.br\/segundasmm\/2021\/05\/22\/retorno-segunda-mm-semestre-2021-1\/#primaryimage","url":"https:\/\/blogs.multimeios.ufc.br\/segundasmm\/files\/2021\/05\/Segunda-MM-1-1.gif","contentUrl":"https:\/\/blogs.multimeios.ufc.br\/segundasmm\/files\/2021\/05\/Segunda-MM-1-1.gif","width":1080,"height":1080},{"@type":"BreadcrumbList","@id":"https:\/\/blogs.multimeios.ufc.br\/segundasmm\/2021\/05\/22\/retorno-segunda-mm-semestre-2021-1\/#breadcrumb","itemListElement":[{"@type":"ListItem","position":1,"name":"In\u00edcio","item":"https:\/\/blogs.multimeios.ufc.br\/segundasmm\/"},{"@type":"ListItem","position":2,"name":"Retorno Segunda MM &#8211; Semestre 2021.1"}]},{"@type":"WebSite","@id":"https:\/\/blogs.multimeios.ufc.br\/segundasmm\/#website","url":"https:\/\/blogs.multimeios.ufc.br\/segundasmm\/","name":"Segunda Multimeios","description":"Forma\u00e7\u00e3o e debate sobre Tecnologias Digitais na Educa\u00e7\u00e3o","potentialAction":[{"@type":"SearchAction","target":{"@type":"EntryPoint","urlTemplate":"https:\/\/blogs.multimeios.ufc.br\/segundasmm\/?s={search_term_string}"},"query-input":{"@type":"PropertyValueSpecification","valueRequired":true,"valueName":"search_term_string"}}],"inLanguage":"pt-BR"},{"@type":"Person","@id":"https:\/\/blogs.multimeios.ufc.br\/segundasmm\/#\/schema\/person\/2b3100b552d46afb773c60ce6521854b","name":"milenamm","image":{"@type":"ImageObject","inLanguage":"pt-BR","@id":"https:\/\/secure.gravatar.com\/avatar\/bd126b433048fa5c7f5a9410cd378b28dbc47268defdc6c201f78fd79edd642c?s=96&d=mm&r=g","url":"https:\/\/secure.gravatar.com\/avatar\/bd126b433048fa5c7f5a9410cd378b28dbc47268defdc6c201f78fd79edd642c?s=96&d=mm&r=g","contentUrl":"https:\/\/secure.gravatar.com\/avatar\/bd126b433048fa5c7f5a9410cd378b28dbc47268defdc6c201f78fd79edd642c?s=96&d=mm&r=g","caption":"milenamm"},"url":"https:\/\/blogs.multimeios.ufc.br\/segundasmm\/author\/milenamm\/"}]}},"_links":{"self":[{"href":"https:\/\/blogs.multimeios.ufc.br\/segundasmm\/wp-json\/wp\/v2\/posts\/140","targetHints":{"allow":["GET"]}}],"collection":[{"href":"https:\/\/blogs.multimeios.ufc.br\/segundasmm\/wp-json\/wp\/v2\/posts"}],"about":[{"href":"https:\/\/blogs.multimeios.ufc.br\/segundasmm\/wp-json\/wp\/v2\/types\/post"}],"author":[{"embeddable":true,"href":"https:\/\/blogs.multimeios.ufc.br\/segundasmm\/wp-json\/wp\/v2\/users\/30"}],"replies":[{"embeddable":true,"href":"https:\/\/blogs.multimeios.ufc.br\/segundasmm\/wp-json\/wp\/v2\/comments?post=140"}],"version-history":[{"count":12,"href":"https:\/\/blogs.multimeios.ufc.br\/segundasmm\/wp-json\/wp\/v2\/posts\/140\/revisions"}],"predecessor-version":[{"id":270,"href":"https:\/\/blogs.multimeios.ufc.br\/segundasmm\/wp-json\/wp\/v2\/posts\/140\/revisions\/270"}],"wp:attachment":[{"href":"https:\/\/blogs.multimeios.ufc.br\/segundasmm\/wp-json\/wp\/v2\/media?parent=140"}],"wp:term":[{"taxonomy":"category","embeddable":true,"href":"https:\/\/blogs.multimeios.ufc.br\/segundasmm\/wp-json\/wp\/v2\/categories?post=140"},{"taxonomy":"post_tag","embeddable":true,"href":"https:\/\/blogs.multimeios.ufc.br\/segundasmm\/wp-json\/wp\/v2\/tags?post=140"}],"curies":[{"name":"wp","href":"https:\/\/api.w.org\/{rel}","templated":true}]}}