{"id":299,"date":"2021-08-02T19:54:26","date_gmt":"2021-08-02T19:54:26","guid":{"rendered":"http:\/\/blogs.multimeios.ufc.br\/segundasmm\/?p=299"},"modified":"2021-08-04T12:10:30","modified_gmt":"2021-08-04T12:10:30","slug":"a-iniciacao-cientifica-na-educacao-profissional-sequencia-fedathi-e-paulo-freir","status":"publish","type":"post","link":"https:\/\/blogs.multimeios.ufc.br\/segundasmm\/2021\/08\/02\/a-iniciacao-cientifica-na-educacao-profissional-sequencia-fedathi-e-paulo-freir\/","title":{"rendered":"A inicia\u00e7\u00e3o cient\u00edfica na educa\u00e7\u00e3o profissional &#8211; Sequ\u00eancia Fedathi e Paulo Freire"},"content":{"rendered":"\n<p>Nesta segunda dia 12\/07\/2021 \u00e0s 15h, recebemos o Prof. Haroldo Bentes em nosso semin\u00e1rio para discutir um pouco sobre \u201cA inicia\u00e7\u00e3o cient\u00edfica na educa\u00e7\u00e3o profissional &#8211; Sequ\u00eancia Fedathi e Paulo Freire\u201d. Na mesma sala de costume, comunidade do Laborat\u00f3rio de pesquisa multimeios na Rnp. Confere a\u00ed!<\/p>\n<p style=\"text-align: center\"><a href=\"http:\/\/blogs.multimeios.ufc.br\/segundasmm\/?attachment_id=300\" target=\"_blank\" rel=\"noopener\"><img fetchpriority=\"high\" decoding=\"async\" class=\"alignnone wp-image-300 size-medium\" src=\"http:\/\/blogs.multimeios.ufc.br\/segundasmm\/files\/2021\/08\/12-07-300x300.jpg\" alt=\"\" width=\"300\" height=\"300\" srcset=\"https:\/\/blogs.multimeios.ufc.br\/segundasmm\/files\/2021\/08\/12-07-300x300.jpg 300w, https:\/\/blogs.multimeios.ufc.br\/segundasmm\/files\/2021\/08\/12-07-150x150.jpg 150w, https:\/\/blogs.multimeios.ufc.br\/segundasmm\/files\/2021\/08\/12-07-768x767.jpg 768w, https:\/\/blogs.multimeios.ufc.br\/segundasmm\/files\/2021\/08\/12-07.jpg 828w\" sizes=\"(max-width: 300px) 100vw, 300px\" \/><\/a><\/p>\n<p>Dentre as discuss\u00f5es desse momento, tivemos:<\/p>\n<ul>\n<li>Os m\u00e9todos da sequ\u00eancia FEDATHI e os ensinamentos Freireanos;<\/li>\n<li>O objetivo de despertar a ess\u00eancia do ser integral;<\/li>\n<li>Ter a \u00e9tica como aliada para a forma\u00e7\u00e3o de valores e moralidade.<\/li>\n<\/ul>\n<p style=\"text-align: center\"><a href=\"http:\/\/blogs.multimeios.ufc.br\/segundasmm\/?attachment_id=302\" target=\"_blank\" rel=\"noopener\"><img decoding=\"async\" class=\"alignnone wp-image-302 size-medium\" src=\"http:\/\/blogs.multimeios.ufc.br\/segundasmm\/files\/2021\/08\/Captura-de-Tela-24-300x169.png\" alt=\"\" width=\"300\" height=\"169\" srcset=\"https:\/\/blogs.multimeios.ufc.br\/segundasmm\/files\/2021\/08\/Captura-de-Tela-24-300x169.png 300w, https:\/\/blogs.multimeios.ufc.br\/segundasmm\/files\/2021\/08\/Captura-de-Tela-24-1024x576.png 1024w, https:\/\/blogs.multimeios.ufc.br\/segundasmm\/files\/2021\/08\/Captura-de-Tela-24-768x432.png 768w, https:\/\/blogs.multimeios.ufc.br\/segundasmm\/files\/2021\/08\/Captura-de-Tela-24.png 1366w\" sizes=\"(max-width: 300px) 100vw, 300px\" \/><\/a><\/p>\n<p><a href=\"https:\/\/www.youtube.com\/watch?v=f0VGa3DCv6I\" target=\"_blank\" rel=\"noopener\"><strong>Video\u00a0<\/strong><\/a>\/ <strong><a href=\"http:\/\/blogs.multimeios.ufc.br\/segundasmm\/files\/2021\/08\/PDF-1.pdf\" target=\"_blank\" rel=\"noopener\">PDF<\/a><\/strong><\/p>\n<h3><strong>Reveja os nosso encontros passados:\u00a0<a href=\"http:\/\/blogs.multimeios.ufc.br\/segundasmm\/cronograma-2020-2\/\" target=\"_blank\" rel=\"noreferrer noopener\">2020.2<\/a>\u00a0e\u00a0<a href=\"http:\/\/blogs.multimeios.ufc.br\/segundasmm\/cronograma-2021-1\/\" target=\"_blank\" rel=\"noreferrer noopener\">2021.1<\/a><\/strong><\/h3>\n\n\n\n<p><\/p>\n","protected":false},"excerpt":{"rendered":"<p>Nesta segunda dia 12\/07\/2021 \u00e0s 15h, recebemos o Prof. Haroldo Bentes em nosso semin\u00e1rio para discutir um pouco sobre \u201cA inicia\u00e7\u00e3o cient\u00edfica na educa\u00e7\u00e3o profissional &#8211; Sequ\u00eancia Fedathi e Paulo Freire\u201d. Na mesma sala de costume, comunidade do Laborat\u00f3rio de &hellip; <a href=\"https:\/\/blogs.multimeios.ufc.br\/segundasmm\/2021\/08\/02\/a-iniciacao-cientifica-na-educacao-profissional-sequencia-fedathi-e-paulo-freir\/\">Continue lendo <span class=\"meta-nav\">&rarr;<\/span><\/a><\/p>\n","protected":false},"author":31,"featured_media":0,"comment_status":"open","ping_status":"open","sticky":false,"template":"","format":"standard","meta":{"footnotes":""},"categories":[1],"tags":[],"class_list":["post-299","post","type-post","status-publish","format-standard","hentry","category-sem-categoria"],"yoast_head":"<!-- This site is optimized with the Yoast SEO plugin v27.4 - https:\/\/yoast.com\/product\/yoast-seo-wordpress\/ -->\n<title>A inicia\u00e7\u00e3o cient\u00edfica na educa\u00e7\u00e3o profissional - Sequ\u00eancia Fedathi e Paulo Freire - Segunda Multimeios<\/title>\n<meta name=\"robots\" content=\"index, follow, max-snippet:-1, max-image-preview:large, max-video-preview:-1\" \/>\n<link rel=\"canonical\" href=\"https:\/\/blogs.multimeios.ufc.br\/segundasmm\/2021\/08\/02\/a-iniciacao-cientifica-na-educacao-profissional-sequencia-fedathi-e-paulo-freir\/\" \/>\n<meta property=\"og:locale\" content=\"pt_BR\" \/>\n<meta property=\"og:type\" content=\"article\" \/>\n<meta property=\"og:title\" content=\"A inicia\u00e7\u00e3o cient\u00edfica na educa\u00e7\u00e3o profissional - Sequ\u00eancia Fedathi e Paulo Freire - Segunda Multimeios\" \/>\n<meta property=\"og:description\" content=\"Nesta segunda dia 12\/07\/2021 \u00e0s 15h, recebemos o Prof. Haroldo Bentes em nosso semin\u00e1rio para discutir um pouco sobre \u201cA inicia\u00e7\u00e3o cient\u00edfica na educa\u00e7\u00e3o profissional &#8211; Sequ\u00eancia Fedathi e Paulo Freire\u201d. Na mesma sala de costume, comunidade do Laborat\u00f3rio de &hellip; Continue lendo &rarr;\" \/>\n<meta property=\"og:url\" content=\"https:\/\/blogs.multimeios.ufc.br\/segundasmm\/2021\/08\/02\/a-iniciacao-cientifica-na-educacao-profissional-sequencia-fedathi-e-paulo-freir\/\" \/>\n<meta property=\"og:site_name\" content=\"Segunda Multimeios\" \/>\n<meta property=\"article:published_time\" content=\"2021-08-02T19:54:26+00:00\" \/>\n<meta property=\"article:modified_time\" content=\"2021-08-04T12:10:30+00:00\" \/>\n<meta property=\"og:image\" content=\"http:\/\/blogs.multimeios.ufc.br\/segundasmm\/files\/2021\/08\/12-07-300x300.jpg\" \/>\n<meta name=\"author\" content=\"viniciusmm\" \/>\n<meta name=\"twitter:card\" content=\"summary_large_image\" \/>\n<meta name=\"twitter:label1\" content=\"Escrito por\" \/>\n\t<meta name=\"twitter:data1\" content=\"viniciusmm\" \/>\n\t<meta name=\"twitter:label2\" content=\"Est. tempo de leitura\" \/>\n\t<meta name=\"twitter:data2\" content=\"1 minuto\" \/>\n<script type=\"application\/ld+json\" class=\"yoast-schema-graph\">{\"@context\":\"https:\\\/\\\/schema.org\",\"@graph\":[{\"@type\":\"Article\",\"@id\":\"https:\\\/\\\/blogs.multimeios.ufc.br\\\/segundasmm\\\/2021\\\/08\\\/02\\\/a-iniciacao-cientifica-na-educacao-profissional-sequencia-fedathi-e-paulo-freir\\\/#article\",\"isPartOf\":{\"@id\":\"https:\\\/\\\/blogs.multimeios.ufc.br\\\/segundasmm\\\/2021\\\/08\\\/02\\\/a-iniciacao-cientifica-na-educacao-profissional-sequencia-fedathi-e-paulo-freir\\\/\"},\"author\":{\"name\":\"viniciusmm\",\"@id\":\"https:\\\/\\\/blogs.multimeios.ufc.br\\\/segundasmm\\\/#\\\/schema\\\/person\\\/183c91205a117c33bdec06236d2e45c4\"},\"headline\":\"A inicia\u00e7\u00e3o cient\u00edfica na educa\u00e7\u00e3o profissional &#8211; Sequ\u00eancia Fedathi e Paulo Freire\",\"datePublished\":\"2021-08-02T19:54:26+00:00\",\"dateModified\":\"2021-08-04T12:10:30+00:00\",\"mainEntityOfPage\":{\"@id\":\"https:\\\/\\\/blogs.multimeios.ufc.br\\\/segundasmm\\\/2021\\\/08\\\/02\\\/a-iniciacao-cientifica-na-educacao-profissional-sequencia-fedathi-e-paulo-freir\\\/\"},\"wordCount\":116,\"commentCount\":0,\"image\":{\"@id\":\"https:\\\/\\\/blogs.multimeios.ufc.br\\\/segundasmm\\\/2021\\\/08\\\/02\\\/a-iniciacao-cientifica-na-educacao-profissional-sequencia-fedathi-e-paulo-freir\\\/#primaryimage\"},\"thumbnailUrl\":\"http:\\\/\\\/blogs.multimeios.ufc.br\\\/segundasmm\\\/files\\\/2021\\\/08\\\/12-07-300x300.jpg\",\"inLanguage\":\"pt-BR\",\"potentialAction\":[{\"@type\":\"CommentAction\",\"name\":\"Comment\",\"target\":[\"https:\\\/\\\/blogs.multimeios.ufc.br\\\/segundasmm\\\/2021\\\/08\\\/02\\\/a-iniciacao-cientifica-na-educacao-profissional-sequencia-fedathi-e-paulo-freir\\\/#respond\"]}]},{\"@type\":\"WebPage\",\"@id\":\"https:\\\/\\\/blogs.multimeios.ufc.br\\\/segundasmm\\\/2021\\\/08\\\/02\\\/a-iniciacao-cientifica-na-educacao-profissional-sequencia-fedathi-e-paulo-freir\\\/\",\"url\":\"https:\\\/\\\/blogs.multimeios.ufc.br\\\/segundasmm\\\/2021\\\/08\\\/02\\\/a-iniciacao-cientifica-na-educacao-profissional-sequencia-fedathi-e-paulo-freir\\\/\",\"name\":\"A inicia\u00e7\u00e3o cient\u00edfica na educa\u00e7\u00e3o profissional - Sequ\u00eancia Fedathi e Paulo Freire - Segunda Multimeios\",\"isPartOf\":{\"@id\":\"https:\\\/\\\/blogs.multimeios.ufc.br\\\/segundasmm\\\/#website\"},\"primaryImageOfPage\":{\"@id\":\"https:\\\/\\\/blogs.multimeios.ufc.br\\\/segundasmm\\\/2021\\\/08\\\/02\\\/a-iniciacao-cientifica-na-educacao-profissional-sequencia-fedathi-e-paulo-freir\\\/#primaryimage\"},\"image\":{\"@id\":\"https:\\\/\\\/blogs.multimeios.ufc.br\\\/segundasmm\\\/2021\\\/08\\\/02\\\/a-iniciacao-cientifica-na-educacao-profissional-sequencia-fedathi-e-paulo-freir\\\/#primaryimage\"},\"thumbnailUrl\":\"http:\\\/\\\/blogs.multimeios.ufc.br\\\/segundasmm\\\/files\\\/2021\\\/08\\\/12-07-300x300.jpg\",\"datePublished\":\"2021-08-02T19:54:26+00:00\",\"dateModified\":\"2021-08-04T12:10:30+00:00\",\"author\":{\"@id\":\"https:\\\/\\\/blogs.multimeios.ufc.br\\\/segundasmm\\\/#\\\/schema\\\/person\\\/183c91205a117c33bdec06236d2e45c4\"},\"breadcrumb\":{\"@id\":\"https:\\\/\\\/blogs.multimeios.ufc.br\\\/segundasmm\\\/2021\\\/08\\\/02\\\/a-iniciacao-cientifica-na-educacao-profissional-sequencia-fedathi-e-paulo-freir\\\/#breadcrumb\"},\"inLanguage\":\"pt-BR\",\"potentialAction\":[{\"@type\":\"ReadAction\",\"target\":[\"https:\\\/\\\/blogs.multimeios.ufc.br\\\/segundasmm\\\/2021\\\/08\\\/02\\\/a-iniciacao-cientifica-na-educacao-profissional-sequencia-fedathi-e-paulo-freir\\\/\"]}]},{\"@type\":\"ImageObject\",\"inLanguage\":\"pt-BR\",\"@id\":\"https:\\\/\\\/blogs.multimeios.ufc.br\\\/segundasmm\\\/2021\\\/08\\\/02\\\/a-iniciacao-cientifica-na-educacao-profissional-sequencia-fedathi-e-paulo-freir\\\/#primaryimage\",\"url\":\"https:\\\/\\\/blogs.multimeios.ufc.br\\\/segundasmm\\\/files\\\/2021\\\/08\\\/12-07.jpg\",\"contentUrl\":\"https:\\\/\\\/blogs.multimeios.ufc.br\\\/segundasmm\\\/files\\\/2021\\\/08\\\/12-07.jpg\",\"width\":828,\"height\":827},{\"@type\":\"BreadcrumbList\",\"@id\":\"https:\\\/\\\/blogs.multimeios.ufc.br\\\/segundasmm\\\/2021\\\/08\\\/02\\\/a-iniciacao-cientifica-na-educacao-profissional-sequencia-fedathi-e-paulo-freir\\\/#breadcrumb\",\"itemListElement\":[{\"@type\":\"ListItem\",\"position\":1,\"name\":\"In\u00edcio\",\"item\":\"https:\\\/\\\/blogs.multimeios.ufc.br\\\/segundasmm\\\/\"},{\"@type\":\"ListItem\",\"position\":2,\"name\":\"A inicia\u00e7\u00e3o cient\u00edfica na educa\u00e7\u00e3o profissional &#8211; Sequ\u00eancia Fedathi e Paulo Freire\"}]},{\"@type\":\"WebSite\",\"@id\":\"https:\\\/\\\/blogs.multimeios.ufc.br\\\/segundasmm\\\/#website\",\"url\":\"https:\\\/\\\/blogs.multimeios.ufc.br\\\/segundasmm\\\/\",\"name\":\"Segunda Multimeios\",\"description\":\"Forma\u00e7\u00e3o e debate sobre Tecnologias Digitais na Educa\u00e7\u00e3o\",\"potentialAction\":[{\"@type\":\"SearchAction\",\"target\":{\"@type\":\"EntryPoint\",\"urlTemplate\":\"https:\\\/\\\/blogs.multimeios.ufc.br\\\/segundasmm\\\/?s={search_term_string}\"},\"query-input\":{\"@type\":\"PropertyValueSpecification\",\"valueRequired\":true,\"valueName\":\"search_term_string\"}}],\"inLanguage\":\"pt-BR\"},{\"@type\":\"Person\",\"@id\":\"https:\\\/\\\/blogs.multimeios.ufc.br\\\/segundasmm\\\/#\\\/schema\\\/person\\\/183c91205a117c33bdec06236d2e45c4\",\"name\":\"viniciusmm\",\"image\":{\"@type\":\"ImageObject\",\"inLanguage\":\"pt-BR\",\"@id\":\"https:\\\/\\\/secure.gravatar.com\\\/avatar\\\/561ccfedf29ccb25099682c6c4294d10156e2af0810ad15b5cc76f537c594a54?s=96&d=mm&r=g\",\"url\":\"https:\\\/\\\/secure.gravatar.com\\\/avatar\\\/561ccfedf29ccb25099682c6c4294d10156e2af0810ad15b5cc76f537c594a54?s=96&d=mm&r=g\",\"contentUrl\":\"https:\\\/\\\/secure.gravatar.com\\\/avatar\\\/561ccfedf29ccb25099682c6c4294d10156e2af0810ad15b5cc76f537c594a54?s=96&d=mm&r=g\",\"caption\":\"viniciusmm\"},\"url\":\"https:\\\/\\\/blogs.multimeios.ufc.br\\\/segundasmm\\\/author\\\/viniciusmm\\\/\"}]}<\/script>\n<!-- \/ Yoast SEO plugin. -->","yoast_head_json":{"title":"A inicia\u00e7\u00e3o cient\u00edfica na educa\u00e7\u00e3o profissional - Sequ\u00eancia Fedathi e Paulo Freire - Segunda Multimeios","robots":{"index":"index","follow":"follow","max-snippet":"max-snippet:-1","max-image-preview":"max-image-preview:large","max-video-preview":"max-video-preview:-1"},"canonical":"https:\/\/blogs.multimeios.ufc.br\/segundasmm\/2021\/08\/02\/a-iniciacao-cientifica-na-educacao-profissional-sequencia-fedathi-e-paulo-freir\/","og_locale":"pt_BR","og_type":"article","og_title":"A inicia\u00e7\u00e3o cient\u00edfica na educa\u00e7\u00e3o profissional - Sequ\u00eancia Fedathi e Paulo Freire - Segunda Multimeios","og_description":"Nesta segunda dia 12\/07\/2021 \u00e0s 15h, recebemos o Prof. Haroldo Bentes em nosso semin\u00e1rio para discutir um pouco sobre \u201cA inicia\u00e7\u00e3o cient\u00edfica na educa\u00e7\u00e3o profissional &#8211; Sequ\u00eancia Fedathi e Paulo Freire\u201d. Na mesma sala de costume, comunidade do Laborat\u00f3rio de &hellip; Continue lendo &rarr;","og_url":"https:\/\/blogs.multimeios.ufc.br\/segundasmm\/2021\/08\/02\/a-iniciacao-cientifica-na-educacao-profissional-sequencia-fedathi-e-paulo-freir\/","og_site_name":"Segunda Multimeios","article_published_time":"2021-08-02T19:54:26+00:00","article_modified_time":"2021-08-04T12:10:30+00:00","og_image":[{"url":"http:\/\/blogs.multimeios.ufc.br\/segundasmm\/files\/2021\/08\/12-07-300x300.jpg","type":"","width":"","height":""}],"author":"viniciusmm","twitter_card":"summary_large_image","twitter_misc":{"Escrito por":"viniciusmm","Est. tempo de leitura":"1 minuto"},"schema":{"@context":"https:\/\/schema.org","@graph":[{"@type":"Article","@id":"https:\/\/blogs.multimeios.ufc.br\/segundasmm\/2021\/08\/02\/a-iniciacao-cientifica-na-educacao-profissional-sequencia-fedathi-e-paulo-freir\/#article","isPartOf":{"@id":"https:\/\/blogs.multimeios.ufc.br\/segundasmm\/2021\/08\/02\/a-iniciacao-cientifica-na-educacao-profissional-sequencia-fedathi-e-paulo-freir\/"},"author":{"name":"viniciusmm","@id":"https:\/\/blogs.multimeios.ufc.br\/segundasmm\/#\/schema\/person\/183c91205a117c33bdec06236d2e45c4"},"headline":"A inicia\u00e7\u00e3o cient\u00edfica na educa\u00e7\u00e3o profissional &#8211; Sequ\u00eancia Fedathi e Paulo Freire","datePublished":"2021-08-02T19:54:26+00:00","dateModified":"2021-08-04T12:10:30+00:00","mainEntityOfPage":{"@id":"https:\/\/blogs.multimeios.ufc.br\/segundasmm\/2021\/08\/02\/a-iniciacao-cientifica-na-educacao-profissional-sequencia-fedathi-e-paulo-freir\/"},"wordCount":116,"commentCount":0,"image":{"@id":"https:\/\/blogs.multimeios.ufc.br\/segundasmm\/2021\/08\/02\/a-iniciacao-cientifica-na-educacao-profissional-sequencia-fedathi-e-paulo-freir\/#primaryimage"},"thumbnailUrl":"http:\/\/blogs.multimeios.ufc.br\/segundasmm\/files\/2021\/08\/12-07-300x300.jpg","inLanguage":"pt-BR","potentialAction":[{"@type":"CommentAction","name":"Comment","target":["https:\/\/blogs.multimeios.ufc.br\/segundasmm\/2021\/08\/02\/a-iniciacao-cientifica-na-educacao-profissional-sequencia-fedathi-e-paulo-freir\/#respond"]}]},{"@type":"WebPage","@id":"https:\/\/blogs.multimeios.ufc.br\/segundasmm\/2021\/08\/02\/a-iniciacao-cientifica-na-educacao-profissional-sequencia-fedathi-e-paulo-freir\/","url":"https:\/\/blogs.multimeios.ufc.br\/segundasmm\/2021\/08\/02\/a-iniciacao-cientifica-na-educacao-profissional-sequencia-fedathi-e-paulo-freir\/","name":"A inicia\u00e7\u00e3o cient\u00edfica na educa\u00e7\u00e3o profissional - Sequ\u00eancia Fedathi e Paulo Freire - Segunda Multimeios","isPartOf":{"@id":"https:\/\/blogs.multimeios.ufc.br\/segundasmm\/#website"},"primaryImageOfPage":{"@id":"https:\/\/blogs.multimeios.ufc.br\/segundasmm\/2021\/08\/02\/a-iniciacao-cientifica-na-educacao-profissional-sequencia-fedathi-e-paulo-freir\/#primaryimage"},"image":{"@id":"https:\/\/blogs.multimeios.ufc.br\/segundasmm\/2021\/08\/02\/a-iniciacao-cientifica-na-educacao-profissional-sequencia-fedathi-e-paulo-freir\/#primaryimage"},"thumbnailUrl":"http:\/\/blogs.multimeios.ufc.br\/segundasmm\/files\/2021\/08\/12-07-300x300.jpg","datePublished":"2021-08-02T19:54:26+00:00","dateModified":"2021-08-04T12:10:30+00:00","author":{"@id":"https:\/\/blogs.multimeios.ufc.br\/segundasmm\/#\/schema\/person\/183c91205a117c33bdec06236d2e45c4"},"breadcrumb":{"@id":"https:\/\/blogs.multimeios.ufc.br\/segundasmm\/2021\/08\/02\/a-iniciacao-cientifica-na-educacao-profissional-sequencia-fedathi-e-paulo-freir\/#breadcrumb"},"inLanguage":"pt-BR","potentialAction":[{"@type":"ReadAction","target":["https:\/\/blogs.multimeios.ufc.br\/segundasmm\/2021\/08\/02\/a-iniciacao-cientifica-na-educacao-profissional-sequencia-fedathi-e-paulo-freir\/"]}]},{"@type":"ImageObject","inLanguage":"pt-BR","@id":"https:\/\/blogs.multimeios.ufc.br\/segundasmm\/2021\/08\/02\/a-iniciacao-cientifica-na-educacao-profissional-sequencia-fedathi-e-paulo-freir\/#primaryimage","url":"https:\/\/blogs.multimeios.ufc.br\/segundasmm\/files\/2021\/08\/12-07.jpg","contentUrl":"https:\/\/blogs.multimeios.ufc.br\/segundasmm\/files\/2021\/08\/12-07.jpg","width":828,"height":827},{"@type":"BreadcrumbList","@id":"https:\/\/blogs.multimeios.ufc.br\/segundasmm\/2021\/08\/02\/a-iniciacao-cientifica-na-educacao-profissional-sequencia-fedathi-e-paulo-freir\/#breadcrumb","itemListElement":[{"@type":"ListItem","position":1,"name":"In\u00edcio","item":"https:\/\/blogs.multimeios.ufc.br\/segundasmm\/"},{"@type":"ListItem","position":2,"name":"A inicia\u00e7\u00e3o cient\u00edfica na educa\u00e7\u00e3o profissional &#8211; Sequ\u00eancia Fedathi e Paulo Freire"}]},{"@type":"WebSite","@id":"https:\/\/blogs.multimeios.ufc.br\/segundasmm\/#website","url":"https:\/\/blogs.multimeios.ufc.br\/segundasmm\/","name":"Segunda Multimeios","description":"Forma\u00e7\u00e3o e debate sobre Tecnologias Digitais na Educa\u00e7\u00e3o","potentialAction":[{"@type":"SearchAction","target":{"@type":"EntryPoint","urlTemplate":"https:\/\/blogs.multimeios.ufc.br\/segundasmm\/?s={search_term_string}"},"query-input":{"@type":"PropertyValueSpecification","valueRequired":true,"valueName":"search_term_string"}}],"inLanguage":"pt-BR"},{"@type":"Person","@id":"https:\/\/blogs.multimeios.ufc.br\/segundasmm\/#\/schema\/person\/183c91205a117c33bdec06236d2e45c4","name":"viniciusmm","image":{"@type":"ImageObject","inLanguage":"pt-BR","@id":"https:\/\/secure.gravatar.com\/avatar\/561ccfedf29ccb25099682c6c4294d10156e2af0810ad15b5cc76f537c594a54?s=96&d=mm&r=g","url":"https:\/\/secure.gravatar.com\/avatar\/561ccfedf29ccb25099682c6c4294d10156e2af0810ad15b5cc76f537c594a54?s=96&d=mm&r=g","contentUrl":"https:\/\/secure.gravatar.com\/avatar\/561ccfedf29ccb25099682c6c4294d10156e2af0810ad15b5cc76f537c594a54?s=96&d=mm&r=g","caption":"viniciusmm"},"url":"https:\/\/blogs.multimeios.ufc.br\/segundasmm\/author\/viniciusmm\/"}]}},"_links":{"self":[{"href":"https:\/\/blogs.multimeios.ufc.br\/segundasmm\/wp-json\/wp\/v2\/posts\/299","targetHints":{"allow":["GET"]}}],"collection":[{"href":"https:\/\/blogs.multimeios.ufc.br\/segundasmm\/wp-json\/wp\/v2\/posts"}],"about":[{"href":"https:\/\/blogs.multimeios.ufc.br\/segundasmm\/wp-json\/wp\/v2\/types\/post"}],"author":[{"embeddable":true,"href":"https:\/\/blogs.multimeios.ufc.br\/segundasmm\/wp-json\/wp\/v2\/users\/31"}],"replies":[{"embeddable":true,"href":"https:\/\/blogs.multimeios.ufc.br\/segundasmm\/wp-json\/wp\/v2\/comments?post=299"}],"version-history":[{"count":5,"href":"https:\/\/blogs.multimeios.ufc.br\/segundasmm\/wp-json\/wp\/v2\/posts\/299\/revisions"}],"predecessor-version":[{"id":315,"href":"https:\/\/blogs.multimeios.ufc.br\/segundasmm\/wp-json\/wp\/v2\/posts\/299\/revisions\/315"}],"wp:attachment":[{"href":"https:\/\/blogs.multimeios.ufc.br\/segundasmm\/wp-json\/wp\/v2\/media?parent=299"}],"wp:term":[{"taxonomy":"category","embeddable":true,"href":"https:\/\/blogs.multimeios.ufc.br\/segundasmm\/wp-json\/wp\/v2\/categories?post=299"},{"taxonomy":"post_tag","embeddable":true,"href":"https:\/\/blogs.multimeios.ufc.br\/segundasmm\/wp-json\/wp\/v2\/tags?post=299"}],"curies":[{"name":"wp","href":"https:\/\/api.w.org\/{rel}","templated":true}]}}