{"id":1,"date":"2025-08-25T09:38:14","date_gmt":"2025-08-25T12:38:14","guid":{"rendered":"https:\/\/blogs.multimeios.ufc.br\/wgabriel\/?p=1"},"modified":"2025-09-21T21:27:15","modified_gmt":"2025-09-22T00:27:15","slug":"um-recorte-da-minha-historia-dentro-do-laboratorio-multimeios-com-prof-herminio-borges-neto","status":"publish","type":"post","link":"https:\/\/blogs.multimeios.ufc.br\/wgabriel\/2025\/08\/25\/um-recorte-da-minha-historia-dentro-do-laboratorio-multimeios-com-prof-herminio-borges-neto\/","title":{"rendered":"Um recorte da minha hist\u00f3ria dentro do Laborat\u00f3rio Multimeios, com prof. Herm\u00ednio Borges Neto"},"content":{"rendered":"\n<p>Minha trajet\u00f3ria cient\u00edfica tem um marco fundamental: o professor <strong>Herm\u00ednio Borges Neto<\/strong>. Ele n\u00e3o apenas me apresentou ao universo da pesquisa acad\u00eamica, mas tamb\u00e9m me ajudou a redefinir a forma como entendo a rela\u00e7\u00e3o entre tecnologia e educa\u00e7\u00e3o.<\/p>\n\n\n\n<figure class=\"wp-block-image aligncenter size-large\"><img fetchpriority=\"high\" decoding=\"async\" width=\"777\" height=\"1024\" src=\"https:\/\/blogs.multimeios.ufc.br\/wgabriel\/files\/2025\/08\/wgabriel-herminio-borges-neto-wellington-gabriel-777x1024.jpg\" alt=\"\" class=\"wp-image-17\" srcset=\"https:\/\/blogs.multimeios.ufc.br\/wgabriel\/files\/2025\/08\/wgabriel-herminio-borges-neto-wellington-gabriel-777x1024.jpg 777w, https:\/\/blogs.multimeios.ufc.br\/wgabriel\/files\/2025\/08\/wgabriel-herminio-borges-neto-wellington-gabriel-228x300.jpg 228w, https:\/\/blogs.multimeios.ufc.br\/wgabriel\/files\/2025\/08\/wgabriel-herminio-borges-neto-wellington-gabriel-768x1012.jpg 768w, https:\/\/blogs.multimeios.ufc.br\/wgabriel\/files\/2025\/08\/wgabriel-herminio-borges-neto-wellington-gabriel-1166x1536.jpg 1166w, https:\/\/blogs.multimeios.ufc.br\/wgabriel\/files\/2025\/08\/wgabriel-herminio-borges-neto-wellington-gabriel.jpg 1242w\" sizes=\"(max-width: 777px) 100vw, 777px\" \/><\/figure>\n\n\n\n<p><\/p>\n\n\n\n<p><strong>PRIMEIRO PASSO<\/strong><\/p>\n\n\n\n<p>Minha forma\u00e7\u00e3o come\u00e7ou no curso de <strong>Comunica\u00e7\u00e3o Social<\/strong> da Universidade Federal do Cear\u00e1. Desde o in\u00edcio, minha inclina\u00e7\u00e3o era pela tecnologia. No entanto, em 2002, ao ingressar no curso, percebi que n\u00e3o havia ainda uma linha de pesquisa diretamente voltada a esse campo dentro da Comunica\u00e7\u00e3o. Foi nesse momento que recebi a indica\u00e7\u00e3o dentro da pr\u00f3pria UFC de buscar o <strong>Laborat\u00f3rio Multimeios<\/strong>, refer\u00eancia no estudo da tecnologia aplicada a diferentes \u00e1reas da sociedade, especialmente na educa\u00e7\u00e3o.<\/p>\n\n\n\n<p>O contato com o laborat\u00f3rio abriu um novo horizonte. Passei a estudar <strong>usabilidade<\/strong> em sistemas voltados para a educa\u00e7\u00e3o, incluindo os ent\u00e3o chamados <strong>Ambientes Virtuais de Aprendizagem (AVA)<\/strong> e <strong>Ambientes Virtuais de Ensino (AVE)<\/strong>. Em seguida, aprofundei-me nas discuss\u00f5es sobre <strong>intera\u00e7\u00e3o e interatividade<\/strong> nesses ambientes, explorando tamb\u00e9m conceitos mais avan\u00e7ados, como <strong>ubiquidade<\/strong> e <strong>interoperabilidade<\/strong> em tecnologias educacionais.<\/p>\n\n\n\n<figure class=\"wp-block-image aligncenter size-large\"><img decoding=\"async\" width=\"576\" height=\"1024\" src=\"https:\/\/blogs.multimeios.ufc.br\/wgabriel\/files\/2025\/08\/wgabriel-herminio-borges-neto-wellington-gabriel-monografia-576x1024.jpg\" alt=\"\" class=\"wp-image-20\" srcset=\"https:\/\/blogs.multimeios.ufc.br\/wgabriel\/files\/2025\/08\/wgabriel-herminio-borges-neto-wellington-gabriel-monografia-576x1024.jpg 576w, https:\/\/blogs.multimeios.ufc.br\/wgabriel\/files\/2025\/08\/wgabriel-herminio-borges-neto-wellington-gabriel-monografia-169x300.jpg 169w, https:\/\/blogs.multimeios.ufc.br\/wgabriel\/files\/2025\/08\/wgabriel-herminio-borges-neto-wellington-gabriel-monografia.jpg 720w\" sizes=\"(max-width: 576px) 100vw, 576px\" \/><\/figure>\n\n\n\n<p><strong>P\u00d3S-GRADUA\u00c7\u00c3O E APROFUNDAMENTOS<\/strong><\/p>\n\n\n\n<p>Ap\u00f3s a gradua\u00e7\u00e3o, busquei consolidar minha forma\u00e7\u00e3o. Realizei uma <strong>p\u00f3s-gradua\u00e7\u00e3o lato sensu em Tecnologias Digitais na Educa\u00e7\u00e3o<\/strong>, novamente sob a orienta\u00e7\u00e3o do professor Herm\u00ednio Borges Neto. Em seguida, ampliei minha perspectiva com uma especializa\u00e7\u00e3o em <strong>Neuroeduca\u00e7\u00e3o<\/strong>, para compreender como o c\u00e9rebro humano se relaciona com os diferentes modos de ensino-aprendizagem. Mais adiante, conclu\u00ed uma p\u00f3s-gradua\u00e7\u00e3o em <strong>Intelig\u00eancia Computacional e Artificial<\/strong>, pela Universidade Federal do Vi\u00e7osa, mergulhando em linguagens de programa\u00e7\u00e3o e no desenvolvimento de modelos de linguagem (LLMs).<\/p>\n\n\n\n<p>Em paralelo, ingressei no <strong>Mestrado em Administra\u00e7\u00e3o e Controladoria<\/strong>, na Universidade Federal do Cear\u00e1, para compreender como seria poss\u00edvell transformar todos esses insights em resultados concretos para ajudar sociedade e empresas.<\/p>\n\n\n\n<p>Esses estudos complementares me permitiram construir uma vis\u00e3o interdisciplinar, unindo educa\u00e7\u00e3o, tecnologia e ci\u00eancia cognitiva.<\/p>\n\n\n\n<figure class=\"wp-block-image aligncenter size-large\"><img decoding=\"async\" width=\"576\" height=\"1024\" src=\"https:\/\/blogs.multimeios.ufc.br\/wgabriel\/files\/2025\/08\/wgabriel-herminio-borges-neto-wellington-gabriel-desde2023-576x1024.jpg\" alt=\"\" class=\"wp-image-19\" srcset=\"https:\/\/blogs.multimeios.ufc.br\/wgabriel\/files\/2025\/08\/wgabriel-herminio-borges-neto-wellington-gabriel-desde2023-576x1024.jpg 576w, https:\/\/blogs.multimeios.ufc.br\/wgabriel\/files\/2025\/08\/wgabriel-herminio-borges-neto-wellington-gabriel-desde2023-169x300.jpg 169w, https:\/\/blogs.multimeios.ufc.br\/wgabriel\/files\/2025\/08\/wgabriel-herminio-borges-neto-wellington-gabriel-desde2023-768x1365.jpg 768w, https:\/\/blogs.multimeios.ufc.br\/wgabriel\/files\/2025\/08\/wgabriel-herminio-borges-neto-wellington-gabriel-desde2023-864x1536.jpg 864w, https:\/\/blogs.multimeios.ufc.br\/wgabriel\/files\/2025\/08\/wgabriel-herminio-borges-neto-wellington-gabriel-desde2023-1152x2048.jpg 1152w, https:\/\/blogs.multimeios.ufc.br\/wgabriel\/files\/2025\/08\/wgabriel-herminio-borges-neto-wellington-gabriel-desde2023.jpg 1170w\" sizes=\"(max-width: 576px) 100vw, 576px\" \/><\/figure>\n\n\n\n<p><\/p>\n\n\n\n<p><strong>A EXPERI\u00caNCIA PROFISSIONAL E O RETORNO \u00c0 PESQUISA<\/strong><\/p>\n\n\n\n<p>Durante anos, atuei tamb\u00e9m no mercado de consultoria empresarial, colaborando com empresas privadas e \u00f3rg\u00e3os p\u00fablicos, sobre como converter ideias e a\u00e7\u00f5es estrat\u00e9gicas em resultados empresariais. Foi assim que inseri Neg\u00f3cios Digitais e Marketing Digital na minha hist\u00f3ria e que me deu toda a base estrutural da minha vida. A experi\u00eancia pr\u00e1tica foi valiosa, mas percebi a necessidade de revisitar as bases acad\u00eamicas para compreender, com mais profundidade, os rumos futuros da tecnologia na sociedade e educa\u00e7\u00e3o.<\/p>\n\n\n\n<p>Foi assim que retornei ao <strong>Laborat\u00f3rio Multimeios<\/strong>. Tornei-me ouvinte em uma disciplina ministrada pelo professor Herm\u00ednio Borges Neto, permanecendo por um ano nessa imers\u00e3o. O contato com as discuss\u00f5es atualizadas, fundamentadas em bases te\u00f3ricas s\u00f3lidas, reacendeu em mim o desejo de dar continuidade \u00e0 pesquisa cient\u00edfica.<\/p>\n\n\n\n<figure class=\"wp-block-image size-large\"><img loading=\"lazy\" decoding=\"async\" width=\"768\" height=\"1024\" src=\"https:\/\/blogs.multimeios.ufc.br\/wgabriel\/files\/2025\/08\/wgabriel-herminio-borges-neto-wellington-gabriel-laboratorio-multimeios-768x1024.jpg\" alt=\"\" class=\"wp-image-21\" srcset=\"https:\/\/blogs.multimeios.ufc.br\/wgabriel\/files\/2025\/08\/wgabriel-herminio-borges-neto-wellington-gabriel-laboratorio-multimeios-768x1024.jpg 768w, https:\/\/blogs.multimeios.ufc.br\/wgabriel\/files\/2025\/08\/wgabriel-herminio-borges-neto-wellington-gabriel-laboratorio-multimeios-225x300.jpg 225w, https:\/\/blogs.multimeios.ufc.br\/wgabriel\/files\/2025\/08\/wgabriel-herminio-borges-neto-wellington-gabriel-laboratorio-multimeios-1152x1536.jpg 1152w, https:\/\/blogs.multimeios.ufc.br\/wgabriel\/files\/2025\/08\/wgabriel-herminio-borges-neto-wellington-gabriel-laboratorio-multimeios-1536x2048.jpg 1536w, https:\/\/blogs.multimeios.ufc.br\/wgabriel\/files\/2025\/08\/wgabriel-herminio-borges-neto-wellington-gabriel-laboratorio-multimeios-scaled.jpg 1920w\" sizes=\"(max-width: 768px) 100vw, 768px\" \/><\/figure>\n\n\n\n<p><\/p>\n\n\n\n<p><strong>O DOUTORADO E O PRESENTE<\/strong><\/p>\n\n\n\n<p>Ap\u00f3s esse per\u00edodo de estudos, decidi prestar a sele\u00e7\u00e3o para o doutorado em <strong>Educa\u00e7\u00e3o na Universidade Federal do Cear\u00e1<\/strong>, na linha de pesquisa em Tecnologia e Educa\u00e7\u00e3o. Hoje, tenho a honra de ser orientado pelo professor Herm\u00ednio Borges Neto, pesquisando como a educa\u00e7\u00e3o se relaciona com as novas tecnologias e como estas podem ser <strong>legalmente e pedagogicamente incorporadas<\/strong> \u00e0s pr\u00e1ticas educacionais, em especial a <strong>intelig\u00eancia artificial<\/strong>.<\/p>\n\n\n\n<p>Minha trajet\u00f3ria no <strong>Laborat\u00f3rio Multimeios<\/strong> \u00e9 marcada por reencontros e continuidades. Desde a gradua\u00e7\u00e3o at\u00e9 o doutorado, encontrei um espa\u00e7o de di\u00e1logo, reflex\u00e3o e constru\u00e7\u00e3o cient\u00edfica. Mais do que um percurso acad\u00eamico, essa hist\u00f3ria representa um compromisso com o futuro da educa\u00e7\u00e3o e com a compreens\u00e3o cr\u00edtica e anal\u00edtica do papel da tecnologia na forma\u00e7\u00e3o humana e na constru\u00e7\u00e3o da sociedade (incluindo \u00f3rg\u00e3os p\u00fablicos e empresas).<\/p>\n","protected":false},"excerpt":{"rendered":"<p>Minha trajet\u00f3ria cient\u00edfica tem um marco fundamental: o professor Herm\u00ednio Borges Neto. Ele n\u00e3o apenas me apresentou ao universo da pesquisa acad\u00eamica, mas tamb\u00e9m me ajudou a redefinir a forma como entendo a rela\u00e7\u00e3o entre tecnologia e educa\u00e7\u00e3o. PRIMEIRO PASSO Minha forma\u00e7\u00e3o come\u00e7ou no curso de Comunica\u00e7\u00e3o Social da Universidade Federal do Cear\u00e1. Desde o [&hellip;]<\/p>\n","protected":false},"author":47,"featured_media":0,"comment_status":"open","ping_status":"open","sticky":false,"template":"","format":"standard","meta":{"footnotes":""},"categories":[1],"tags":[],"class_list":["post-1","post","type-post","status-publish","format-standard","hentry","category-sem-categoria"],"yoast_head":"<!-- This site is optimized with the Yoast SEO plugin v27.5 - https:\/\/yoast.com\/product\/yoast-seo-wordpress\/ -->\n<title>Um recorte da minha hist\u00f3ria dentro do Laborat\u00f3rio Multimeios, com prof. Herm\u00ednio Borges Neto - W. Gabriel - Pesquisador Laborat\u00f3rio Multimeios - Faculdade de Educa\u00e7\u00e3o \/ Universidade Federal do Cear\u00e1<\/title>\n<meta name=\"description\" content=\"Relato da trajet\u00f3ria acad\u00eamica no Laborat\u00f3rio Multimeios da UFC, unindo educa\u00e7\u00e3o e tecnologia sob orienta\u00e7\u00e3o do Prof. Herm\u00ednio Borges Neto.\" \/>\n<meta name=\"robots\" content=\"index, follow, max-snippet:-1, max-image-preview:large, max-video-preview:-1\" \/>\n<link rel=\"canonical\" href=\"https:\/\/www.multimeios.ufc.br\/um-recorte-da-minha-historia-laboratorio-multimeios\" \/>\n<meta property=\"og:locale\" content=\"pt_BR\" \/>\n<meta property=\"og:type\" content=\"article\" \/>\n<meta property=\"og:title\" content=\"Um recorte da minha hist\u00f3ria dentro do Laborat\u00f3rio Multimeios, com prof. Herm\u00ednio Borges Neto - W. Gabriel - Pesquisador Laborat\u00f3rio Multimeios - Faculdade de Educa\u00e7\u00e3o \/ Universidade Federal do Cear\u00e1\" \/>\n<meta property=\"og:description\" content=\"Relato da trajet\u00f3ria acad\u00eamica no Laborat\u00f3rio Multimeios da UFC, unindo educa\u00e7\u00e3o e tecnologia sob orienta\u00e7\u00e3o do Prof. Herm\u00ednio Borges Neto.\" \/>\n<meta property=\"og:url\" content=\"https:\/\/www.multimeios.ufc.br\/um-recorte-da-minha-historia-laboratorio-multimeios\" \/>\n<meta property=\"og:site_name\" content=\"W. Gabriel - Pesquisador Laborat\u00f3rio Multimeios - Faculdade de Educa\u00e7\u00e3o \/ Universidade Federal do Cear\u00e1\" \/>\n<meta property=\"article:published_time\" content=\"2025-08-25T12:38:14+00:00\" \/>\n<meta property=\"article:modified_time\" content=\"2025-09-22T00:27:15+00:00\" \/>\n<meta property=\"og:image\" content=\"https:\/\/blogs.multimeios.ufc.br\/wgabriel\/files\/2025\/08\/wgabriel-herminio-borges-neto-wellington-gabriel.jpg\" \/>\n\t<meta property=\"og:image:width\" content=\"1242\" \/>\n\t<meta property=\"og:image:height\" content=\"1636\" \/>\n\t<meta property=\"og:image:type\" content=\"image\/jpeg\" \/>\n<meta name=\"author\" content=\"wgabriel\" \/>\n<meta name=\"twitter:card\" content=\"summary_large_image\" \/>\n<meta name=\"twitter:label1\" content=\"Escrito por\" \/>\n\t<meta name=\"twitter:data1\" content=\"wgabriel\" \/>\n\t<meta name=\"twitter:label2\" content=\"Est. tempo de leitura\" \/>\n\t<meta name=\"twitter:data2\" content=\"4 minutos\" \/>\n<script type=\"application\/ld+json\" class=\"yoast-schema-graph\">{\"@context\":\"https:\\\/\\\/schema.org\",\"@graph\":[{\"@type\":\"Article\",\"@id\":\"https:\\\/\\\/www.multimeios.ufc.br\\\/um-recorte-da-minha-historia-laboratorio-multimeios#article\",\"isPartOf\":{\"@id\":\"https:\\\/\\\/blogs.multimeios.ufc.br\\\/wgabriel\\\/2025\\\/08\\\/25\\\/um-recorte-da-minha-historia-dentro-do-laboratorio-multimeios-com-prof-herminio-borges-neto\\\/\"},\"author\":{\"name\":\"wgabriel\",\"@id\":\"https:\\\/\\\/blogs.multimeios.ufc.br\\\/wgabriel\\\/#\\\/schema\\\/person\\\/faeea366289de810d7c4a01fe2fad002\"},\"headline\":\"Um recorte da minha hist\u00f3ria dentro do Laborat\u00f3rio Multimeios, com prof. Herm\u00ednio Borges Neto\",\"datePublished\":\"2025-08-25T12:38:14+00:00\",\"dateModified\":\"2025-09-22T00:27:15+00:00\",\"mainEntityOfPage\":{\"@id\":\"https:\\\/\\\/blogs.multimeios.ufc.br\\\/wgabriel\\\/2025\\\/08\\\/25\\\/um-recorte-da-minha-historia-dentro-do-laboratorio-multimeios-com-prof-herminio-borges-neto\\\/\"},\"wordCount\":677,\"commentCount\":1,\"image\":{\"@id\":\"https:\\\/\\\/www.multimeios.ufc.br\\\/um-recorte-da-minha-historia-laboratorio-multimeios#primaryimage\"},\"thumbnailUrl\":\"https:\\\/\\\/blogs.multimeios.ufc.br\\\/wgabriel\\\/files\\\/2025\\\/08\\\/wgabriel-herminio-borges-neto-wellington-gabriel-777x1024.jpg\",\"inLanguage\":\"pt-BR\",\"potentialAction\":[{\"@type\":\"CommentAction\",\"name\":\"Comment\",\"target\":[\"https:\\\/\\\/www.multimeios.ufc.br\\\/um-recorte-da-minha-historia-laboratorio-multimeios#respond\"]}]},{\"@type\":\"WebPage\",\"@id\":\"https:\\\/\\\/blogs.multimeios.ufc.br\\\/wgabriel\\\/2025\\\/08\\\/25\\\/um-recorte-da-minha-historia-dentro-do-laboratorio-multimeios-com-prof-herminio-borges-neto\\\/\",\"url\":\"https:\\\/\\\/www.multimeios.ufc.br\\\/um-recorte-da-minha-historia-laboratorio-multimeios\",\"name\":\"Um recorte da minha hist\u00f3ria dentro do Laborat\u00f3rio Multimeios, com prof. Herm\u00ednio Borges Neto - W. Gabriel - Pesquisador Laborat\u00f3rio Multimeios - Faculdade de Educa\u00e7\u00e3o \\\/ Universidade Federal do Cear\u00e1\",\"isPartOf\":{\"@id\":\"https:\\\/\\\/blogs.multimeios.ufc.br\\\/wgabriel\\\/#website\"},\"primaryImageOfPage\":{\"@id\":\"https:\\\/\\\/www.multimeios.ufc.br\\\/um-recorte-da-minha-historia-laboratorio-multimeios#primaryimage\"},\"image\":{\"@id\":\"https:\\\/\\\/www.multimeios.ufc.br\\\/um-recorte-da-minha-historia-laboratorio-multimeios#primaryimage\"},\"thumbnailUrl\":\"https:\\\/\\\/blogs.multimeios.ufc.br\\\/wgabriel\\\/files\\\/2025\\\/08\\\/wgabriel-herminio-borges-neto-wellington-gabriel-777x1024.jpg\",\"datePublished\":\"2025-08-25T12:38:14+00:00\",\"dateModified\":\"2025-09-22T00:27:15+00:00\",\"author\":{\"@id\":\"https:\\\/\\\/blogs.multimeios.ufc.br\\\/wgabriel\\\/#\\\/schema\\\/person\\\/faeea366289de810d7c4a01fe2fad002\"},\"description\":\"Relato da trajet\u00f3ria acad\u00eamica no Laborat\u00f3rio Multimeios da UFC, unindo educa\u00e7\u00e3o e tecnologia sob orienta\u00e7\u00e3o do Prof. Herm\u00ednio Borges Neto.\",\"breadcrumb\":{\"@id\":\"https:\\\/\\\/www.multimeios.ufc.br\\\/um-recorte-da-minha-historia-laboratorio-multimeios#breadcrumb\"},\"inLanguage\":\"pt-BR\",\"potentialAction\":[{\"@type\":\"ReadAction\",\"target\":[\"https:\\\/\\\/www.multimeios.ufc.br\\\/um-recorte-da-minha-historia-laboratorio-multimeios\"]}]},{\"@type\":\"ImageObject\",\"inLanguage\":\"pt-BR\",\"@id\":\"https:\\\/\\\/www.multimeios.ufc.br\\\/um-recorte-da-minha-historia-laboratorio-multimeios#primaryimage\",\"url\":\"https:\\\/\\\/blogs.multimeios.ufc.br\\\/wgabriel\\\/files\\\/2025\\\/08\\\/wgabriel-herminio-borges-neto-wellington-gabriel.jpg\",\"contentUrl\":\"https:\\\/\\\/blogs.multimeios.ufc.br\\\/wgabriel\\\/files\\\/2025\\\/08\\\/wgabriel-herminio-borges-neto-wellington-gabriel.jpg\",\"width\":1242,\"height\":1636},{\"@type\":\"BreadcrumbList\",\"@id\":\"https:\\\/\\\/www.multimeios.ufc.br\\\/um-recorte-da-minha-historia-laboratorio-multimeios#breadcrumb\",\"itemListElement\":[{\"@type\":\"ListItem\",\"position\":1,\"name\":\"In\u00edcio\",\"item\":\"https:\\\/\\\/blogs.multimeios.ufc.br\\\/wgabriel\\\/\"},{\"@type\":\"ListItem\",\"position\":2,\"name\":\"Hist\u00f3ria no Laborat\u00f3rio Multimeios\"}]},{\"@type\":\"WebSite\",\"@id\":\"https:\\\/\\\/blogs.multimeios.ufc.br\\\/wgabriel\\\/#website\",\"url\":\"https:\\\/\\\/blogs.multimeios.ufc.br\\\/wgabriel\\\/\",\"name\":\"W. Gabriel - Pesquisador Laborat\u00f3rio Multimeios - Faculdade de Educa\u00e7\u00e3o \\\/ Universidade Federal do Cear\u00e1\",\"description\":\"Registros de pesquisas realizadas dentro do Laborat\u00f3rio Multimeios, orientador pelo prof. Herm\u00ednio Borges Neto, da Faculdade de Educa\u00e7\u00e3o, da Universidade Federal do Cear\u00e1\",\"potentialAction\":[{\"@type\":\"SearchAction\",\"target\":{\"@type\":\"EntryPoint\",\"urlTemplate\":\"https:\\\/\\\/blogs.multimeios.ufc.br\\\/wgabriel\\\/?s={search_term_string}\"},\"query-input\":{\"@type\":\"PropertyValueSpecification\",\"valueRequired\":true,\"valueName\":\"search_term_string\"}}],\"inLanguage\":\"pt-BR\"},{\"@type\":\"Person\",\"@id\":\"https:\\\/\\\/blogs.multimeios.ufc.br\\\/wgabriel\\\/#\\\/schema\\\/person\\\/faeea366289de810d7c4a01fe2fad002\",\"name\":\"wgabriel\",\"image\":{\"@type\":\"ImageObject\",\"inLanguage\":\"pt-BR\",\"@id\":\"https:\\\/\\\/secure.gravatar.com\\\/avatar\\\/2d30a1e30e793e8d46917824c12712d0ea3b8e753a40d581ff72de6ca2515ddd?s=96&d=mm&r=g\",\"url\":\"https:\\\/\\\/secure.gravatar.com\\\/avatar\\\/2d30a1e30e793e8d46917824c12712d0ea3b8e753a40d581ff72de6ca2515ddd?s=96&d=mm&r=g\",\"contentUrl\":\"https:\\\/\\\/secure.gravatar.com\\\/avatar\\\/2d30a1e30e793e8d46917824c12712d0ea3b8e753a40d581ff72de6ca2515ddd?s=96&d=mm&r=g\",\"caption\":\"wgabriel\"},\"url\":\"https:\\\/\\\/blogs.multimeios.ufc.br\\\/wgabriel\\\/author\\\/wgabriel\\\/\"}]}<\/script>\n<!-- \/ Yoast SEO plugin. -->","yoast_head_json":{"title":"Um recorte da minha hist\u00f3ria dentro do Laborat\u00f3rio Multimeios, com prof. Herm\u00ednio Borges Neto - W. Gabriel - Pesquisador Laborat\u00f3rio Multimeios - Faculdade de Educa\u00e7\u00e3o \/ Universidade Federal do Cear\u00e1","description":"Relato da trajet\u00f3ria acad\u00eamica no Laborat\u00f3rio Multimeios da UFC, unindo educa\u00e7\u00e3o e tecnologia sob orienta\u00e7\u00e3o do Prof. Herm\u00ednio Borges Neto.","robots":{"index":"index","follow":"follow","max-snippet":"max-snippet:-1","max-image-preview":"max-image-preview:large","max-video-preview":"max-video-preview:-1"},"canonical":"https:\/\/www.multimeios.ufc.br\/um-recorte-da-minha-historia-laboratorio-multimeios","og_locale":"pt_BR","og_type":"article","og_title":"Um recorte da minha hist\u00f3ria dentro do Laborat\u00f3rio Multimeios, com prof. Herm\u00ednio Borges Neto - W. Gabriel - Pesquisador Laborat\u00f3rio Multimeios - Faculdade de Educa\u00e7\u00e3o \/ Universidade Federal do Cear\u00e1","og_description":"Relato da trajet\u00f3ria acad\u00eamica no Laborat\u00f3rio Multimeios da UFC, unindo educa\u00e7\u00e3o e tecnologia sob orienta\u00e7\u00e3o do Prof. Herm\u00ednio Borges Neto.","og_url":"https:\/\/www.multimeios.ufc.br\/um-recorte-da-minha-historia-laboratorio-multimeios","og_site_name":"W. Gabriel - Pesquisador Laborat\u00f3rio Multimeios - Faculdade de Educa\u00e7\u00e3o \/ Universidade Federal do Cear\u00e1","article_published_time":"2025-08-25T12:38:14+00:00","article_modified_time":"2025-09-22T00:27:15+00:00","og_image":[{"width":1242,"height":1636,"url":"https:\/\/blogs.multimeios.ufc.br\/wgabriel\/files\/2025\/08\/wgabriel-herminio-borges-neto-wellington-gabriel.jpg","type":"image\/jpeg"}],"author":"wgabriel","twitter_card":"summary_large_image","twitter_misc":{"Escrito por":"wgabriel","Est. tempo de leitura":"4 minutos"},"schema":{"@context":"https:\/\/schema.org","@graph":[{"@type":"Article","@id":"https:\/\/www.multimeios.ufc.br\/um-recorte-da-minha-historia-laboratorio-multimeios#article","isPartOf":{"@id":"https:\/\/blogs.multimeios.ufc.br\/wgabriel\/2025\/08\/25\/um-recorte-da-minha-historia-dentro-do-laboratorio-multimeios-com-prof-herminio-borges-neto\/"},"author":{"name":"wgabriel","@id":"https:\/\/blogs.multimeios.ufc.br\/wgabriel\/#\/schema\/person\/faeea366289de810d7c4a01fe2fad002"},"headline":"Um recorte da minha hist\u00f3ria dentro do Laborat\u00f3rio Multimeios, com prof. Herm\u00ednio Borges Neto","datePublished":"2025-08-25T12:38:14+00:00","dateModified":"2025-09-22T00:27:15+00:00","mainEntityOfPage":{"@id":"https:\/\/blogs.multimeios.ufc.br\/wgabriel\/2025\/08\/25\/um-recorte-da-minha-historia-dentro-do-laboratorio-multimeios-com-prof-herminio-borges-neto\/"},"wordCount":677,"commentCount":1,"image":{"@id":"https:\/\/www.multimeios.ufc.br\/um-recorte-da-minha-historia-laboratorio-multimeios#primaryimage"},"thumbnailUrl":"https:\/\/blogs.multimeios.ufc.br\/wgabriel\/files\/2025\/08\/wgabriel-herminio-borges-neto-wellington-gabriel-777x1024.jpg","inLanguage":"pt-BR","potentialAction":[{"@type":"CommentAction","name":"Comment","target":["https:\/\/www.multimeios.ufc.br\/um-recorte-da-minha-historia-laboratorio-multimeios#respond"]}]},{"@type":"WebPage","@id":"https:\/\/blogs.multimeios.ufc.br\/wgabriel\/2025\/08\/25\/um-recorte-da-minha-historia-dentro-do-laboratorio-multimeios-com-prof-herminio-borges-neto\/","url":"https:\/\/www.multimeios.ufc.br\/um-recorte-da-minha-historia-laboratorio-multimeios","name":"Um recorte da minha hist\u00f3ria dentro do Laborat\u00f3rio Multimeios, com prof. Herm\u00ednio Borges Neto - W. Gabriel - Pesquisador Laborat\u00f3rio Multimeios - Faculdade de Educa\u00e7\u00e3o \/ Universidade Federal do Cear\u00e1","isPartOf":{"@id":"https:\/\/blogs.multimeios.ufc.br\/wgabriel\/#website"},"primaryImageOfPage":{"@id":"https:\/\/www.multimeios.ufc.br\/um-recorte-da-minha-historia-laboratorio-multimeios#primaryimage"},"image":{"@id":"https:\/\/www.multimeios.ufc.br\/um-recorte-da-minha-historia-laboratorio-multimeios#primaryimage"},"thumbnailUrl":"https:\/\/blogs.multimeios.ufc.br\/wgabriel\/files\/2025\/08\/wgabriel-herminio-borges-neto-wellington-gabriel-777x1024.jpg","datePublished":"2025-08-25T12:38:14+00:00","dateModified":"2025-09-22T00:27:15+00:00","author":{"@id":"https:\/\/blogs.multimeios.ufc.br\/wgabriel\/#\/schema\/person\/faeea366289de810d7c4a01fe2fad002"},"description":"Relato da trajet\u00f3ria acad\u00eamica no Laborat\u00f3rio Multimeios da UFC, unindo educa\u00e7\u00e3o e tecnologia sob orienta\u00e7\u00e3o do Prof. Herm\u00ednio Borges Neto.","breadcrumb":{"@id":"https:\/\/www.multimeios.ufc.br\/um-recorte-da-minha-historia-laboratorio-multimeios#breadcrumb"},"inLanguage":"pt-BR","potentialAction":[{"@type":"ReadAction","target":["https:\/\/www.multimeios.ufc.br\/um-recorte-da-minha-historia-laboratorio-multimeios"]}]},{"@type":"ImageObject","inLanguage":"pt-BR","@id":"https:\/\/www.multimeios.ufc.br\/um-recorte-da-minha-historia-laboratorio-multimeios#primaryimage","url":"https:\/\/blogs.multimeios.ufc.br\/wgabriel\/files\/2025\/08\/wgabriel-herminio-borges-neto-wellington-gabriel.jpg","contentUrl":"https:\/\/blogs.multimeios.ufc.br\/wgabriel\/files\/2025\/08\/wgabriel-herminio-borges-neto-wellington-gabriel.jpg","width":1242,"height":1636},{"@type":"BreadcrumbList","@id":"https:\/\/www.multimeios.ufc.br\/um-recorte-da-minha-historia-laboratorio-multimeios#breadcrumb","itemListElement":[{"@type":"ListItem","position":1,"name":"In\u00edcio","item":"https:\/\/blogs.multimeios.ufc.br\/wgabriel\/"},{"@type":"ListItem","position":2,"name":"Hist\u00f3ria no Laborat\u00f3rio Multimeios"}]},{"@type":"WebSite","@id":"https:\/\/blogs.multimeios.ufc.br\/wgabriel\/#website","url":"https:\/\/blogs.multimeios.ufc.br\/wgabriel\/","name":"W. Gabriel - Pesquisador Laborat\u00f3rio Multimeios - Faculdade de Educa\u00e7\u00e3o \/ Universidade Federal do Cear\u00e1","description":"Registros de pesquisas realizadas dentro do Laborat\u00f3rio Multimeios, orientador pelo prof. Herm\u00ednio Borges Neto, da Faculdade de Educa\u00e7\u00e3o, da Universidade Federal do Cear\u00e1","potentialAction":[{"@type":"SearchAction","target":{"@type":"EntryPoint","urlTemplate":"https:\/\/blogs.multimeios.ufc.br\/wgabriel\/?s={search_term_string}"},"query-input":{"@type":"PropertyValueSpecification","valueRequired":true,"valueName":"search_term_string"}}],"inLanguage":"pt-BR"},{"@type":"Person","@id":"https:\/\/blogs.multimeios.ufc.br\/wgabriel\/#\/schema\/person\/faeea366289de810d7c4a01fe2fad002","name":"wgabriel","image":{"@type":"ImageObject","inLanguage":"pt-BR","@id":"https:\/\/secure.gravatar.com\/avatar\/2d30a1e30e793e8d46917824c12712d0ea3b8e753a40d581ff72de6ca2515ddd?s=96&d=mm&r=g","url":"https:\/\/secure.gravatar.com\/avatar\/2d30a1e30e793e8d46917824c12712d0ea3b8e753a40d581ff72de6ca2515ddd?s=96&d=mm&r=g","contentUrl":"https:\/\/secure.gravatar.com\/avatar\/2d30a1e30e793e8d46917824c12712d0ea3b8e753a40d581ff72de6ca2515ddd?s=96&d=mm&r=g","caption":"wgabriel"},"url":"https:\/\/blogs.multimeios.ufc.br\/wgabriel\/author\/wgabriel\/"}]}},"_links":{"self":[{"href":"https:\/\/blogs.multimeios.ufc.br\/wgabriel\/wp-json\/wp\/v2\/posts\/1","targetHints":{"allow":["GET"]}}],"collection":[{"href":"https:\/\/blogs.multimeios.ufc.br\/wgabriel\/wp-json\/wp\/v2\/posts"}],"about":[{"href":"https:\/\/blogs.multimeios.ufc.br\/wgabriel\/wp-json\/wp\/v2\/types\/post"}],"author":[{"embeddable":true,"href":"https:\/\/blogs.multimeios.ufc.br\/wgabriel\/wp-json\/wp\/v2\/users\/47"}],"replies":[{"embeddable":true,"href":"https:\/\/blogs.multimeios.ufc.br\/wgabriel\/wp-json\/wp\/v2\/comments?post=1"}],"version-history":[{"count":3,"href":"https:\/\/blogs.multimeios.ufc.br\/wgabriel\/wp-json\/wp\/v2\/posts\/1\/revisions"}],"predecessor-version":[{"id":22,"href":"https:\/\/blogs.multimeios.ufc.br\/wgabriel\/wp-json\/wp\/v2\/posts\/1\/revisions\/22"}],"wp:attachment":[{"href":"https:\/\/blogs.multimeios.ufc.br\/wgabriel\/wp-json\/wp\/v2\/media?parent=1"}],"wp:term":[{"taxonomy":"category","embeddable":true,"href":"https:\/\/blogs.multimeios.ufc.br\/wgabriel\/wp-json\/wp\/v2\/categories?post=1"},{"taxonomy":"post_tag","embeddable":true,"href":"https:\/\/blogs.multimeios.ufc.br\/wgabriel\/wp-json\/wp\/v2\/tags?post=1"}],"curies":[{"name":"wp","href":"https:\/\/api.w.org\/{rel}","templated":true}]}}